{"id":1286,"date":"2007-08-25T09:52:22","date_gmt":"2007-08-25T08:52:22","guid":{"rendered":"http:\/\/flavienneuvy.fr\/index.php\/2007\/08\/25\/raymond-barre-n\/"},"modified":"2007-08-25T09:52:22","modified_gmt":"2007-08-25T08:52:22","slug":"raymond-barre-n","status":"publish","type":"post","link":"https:\/\/flavienneuvy.fr\/index.php\/2007\/08\/25\/raymond-barre-n\/","title":{"rendered":"Raymond BARRE n&rsquo;est plus,"},"content":{"rendered":"<p><span style=\"font-size: 1.2em;\">Raymond BARRE est mort dans la nuit de vendredi \u00e0 samedi et la France vient de perdre un homme d&rsquo;une qualit\u00e9 rare. L&rsquo;ancien premier ministre s&rsquo;est toujours d\u00e9marqu\u00e9 par son sens de l&rsquo;int\u00e9r\u00eat g\u00e9n\u00e9ral. Il fut surnomm\u00e9 &quot;le meilleur \u00e9conomiste de France&quot; et n&rsquo;h\u00e9sita pas \u00e0 mener une politique de rigueur. Candidat \u00e0 l&rsquo;\u00e9lection pr\u00e9sidentielle de 1988, il devint maire de Lyon en 1995.<\/span><\/p>\n<p><span style=\"font-size: 1.2em;\">Raymond BARRE \u00e9tait un adepte des petites phrases et je vous propose d&rsquo;en&nbsp; (re)d\u00e9couvrir une, phrase prononc\u00e9e lorsqu&rsquo;il&nbsp; s&rsquo;en prenait \u00e0 ceux qui lui menaient la vie dure alors qu&rsquo;il \u00e9tait premier ministre&nbsp; :<\/span><\/p>\n<p><span style=\"font-size: 1.2em;\">\u00ables porteurs de pancartes, ceux qui scribouillent, jacassent et babillent, le ch\u0153ur des pleureuses et le cort\u00e8ge des beaux esprits, des milieux qui ne vivent que de man\u0153uvres, d\u2019intrigues et de ragots\u00bb. <\/span><\/p>\n<p><span style=\"font-size: 1.2em;\">Flavien Neuvy<\/span><\/p>\n","protected":false},"excerpt":{"rendered":"<p>Raymond BARRE est mort dans la nuit de vendredi \u00e0 samedi et la France vient de perdre un homme d&rsquo;une qualit\u00e9 rare. L&rsquo;ancien premier ministre s&rsquo;est toujours d\u00e9marqu\u00e9 par son sens de l&rsquo;int\u00e9r\u00eat g\u00e9n\u00e9ral. Il fut surnomm\u00e9 &quot;le meilleur \u00e9conomiste de France&quot; et n&rsquo;h\u00e9sita pas \u00e0 mener une politique de rigueur. Candidat \u00e0 l&rsquo;\u00e9lection pr\u00e9sidentielle&nbsp;<\/p>\n<p><a class=\"btn btn-style\" href=\"https:\/\/flavienneuvy.fr\/index.php\/2007\/08\/25\/raymond-barre-n\/\">Continuer la lecture&#8230;<\/a><\/p>\n","protected":false},"author":1,"featured_media":0,"comment_status":"open","ping_status":"open","sticky":false,"template":"","format":"standard","meta":[],"categories":[1],"tags":[],"_links":{"self":[{"href":"https:\/\/flavienneuvy.fr\/index.php\/wp-json\/wp\/v2\/posts\/1286"}],"collection":[{"href":"https:\/\/flavienneuvy.fr\/index.php\/wp-json\/wp\/v2\/posts"}],"about":[{"href":"https:\/\/flavienneuvy.fr\/index.php\/wp-json\/wp\/v2\/types\/post"}],"author":[{"embeddable":true,"href":"https:\/\/flavienneuvy.fr\/index.php\/wp-json\/wp\/v2\/users\/1"}],"replies":[{"embeddable":true,"href":"https:\/\/flavienneuvy.fr\/index.php\/wp-json\/wp\/v2\/comments?post=1286"}],"version-history":[{"count":0,"href":"https:\/\/flavienneuvy.fr\/index.php\/wp-json\/wp\/v2\/posts\/1286\/revisions"}],"wp:attachment":[{"href":"https:\/\/flavienneuvy.fr\/index.php\/wp-json\/wp\/v2\/media?parent=1286"}],"wp:term":[{"taxonomy":"category","embeddable":true,"href":"https:\/\/flavienneuvy.fr\/index.php\/wp-json\/wp\/v2\/categories?post=1286"},{"taxonomy":"post_tag","embeddable":true,"href":"https:\/\/flavienneuvy.fr\/index.php\/wp-json\/wp\/v2\/tags?post=1286"}],"curies":[{"name":"wp","href":"https:\/\/api.w.org\/{rel}","templated":true}]}}