{"id":1288,"date":"2007-08-20T22:57:16","date_gmt":"2007-08-20T21:57:16","guid":{"rendered":"http:\/\/flavienneuvy.fr\/index.php\/2007\/08\/20\/affaire-evrard\/"},"modified":"2007-08-20T22:57:16","modified_gmt":"2007-08-20T21:57:16","slug":"affaire-evrard","status":"publish","type":"post","link":"https:\/\/flavienneuvy.fr\/index.php\/2007\/08\/20\/affaire-evrard\/","title":{"rendered":"Affaire Evrard : une incroyable s\u00e9rie de dysfonctions.."},"content":{"rendered":"<p><span style=\"font-size: 1.2em;\">Cette nouvelle et triste affaire du viol du petit Enis \u00e0 Roubaix soul\u00e8ve bien des questions. On reste stup\u00e9fait face \u00e0 une telle s\u00e9rie de dysfonctions :<\/p>\n<p>&#8211; ce p\u00e9dophile r\u00e9cidiviste est sorti de prison apr\u00e8s avoir purg\u00e9 la quasi totalit\u00e9 de sa peine sans aucun suivi m\u00e9dical.<\/span><\/p>\n<p><span style=\"font-size: 1.2em;\">&#8211; les gardiens de la prison de Caen avaient alert\u00e9 leur hi\u00e9rarchie sur le fait que Francis Evrard, encore en prison, tenait des propos inqui\u00e9tants puisqu&rsquo;il envisageait \u00e0 sa sortie de prison &quot;d&rsquo;aller dans des pays ou c&rsquo;est plus facile de trouver des enfants&quot;&#8230;<\/span><\/p>\n<p><span style=\"font-size: 1.2em;\">&#8211; Un m\u00e9decin vient de d\u00e9clarer avoir d\u00e9livr\u00e9 une ordonnance de viagra \u00e0 Francis Evrard juste avant sa sortie de prison puisque, dit-il, il n&rsquo;avait pas connaissance du dossier judiciaire de son patient. On croit r\u00eaver&#8230;..Autant jeter un seau de sang sous le nez d&rsquo;un requin blanc et plonger ensuite pour voir si la temp\u00e9rature de l&rsquo;eau est agr\u00e9able.<\/span><\/p>\n<p><span style=\"font-size: 1.2em;\">Alors je n&rsquo;aime pas les d\u00e9cisions prises \u00e0 chaud alors que l&rsquo;\u00e9motion est encore forte mais je pense quand m\u00eame qu&rsquo;un moyen efficace existe : le bracelet \u00e9lectronique.<\/span><\/p>\n<p><span style=\"font-size: 1.2em;\">Si tous les p\u00e9dophiles r\u00e9cidivistes dangereux pouvaient \u00eatre suivis tous les jours et \u00e0 toute heure, nous n&rsquo;aurions plus de probl\u00e8mes. Dans le cas du petit Enis, il aurait tr\u00e8s facile de faire imm\u00e9diatement le rapprochement entre sa disparition et la proximit\u00e9 d&rsquo;Evrard. Je pense que nous aurions pu gagner encore quelques heures dans la recherche du petit gar\u00e7on. J&rsquo;ajoute que que bracelet aurait \u00e9galement un effet dissuasif.<\/span><\/p>\n<p><span style=\"font-size: 1.2em;\">Flavien Neuvy<\/span><\/p>\n","protected":false},"excerpt":{"rendered":"<p>Cette nouvelle et triste affaire du viol du petit Enis \u00e0 Roubaix soul\u00e8ve bien des questions. On reste stup\u00e9fait face \u00e0 une telle s\u00e9rie de dysfonctions : &#8211; ce p\u00e9dophile r\u00e9cidiviste est sorti de prison apr\u00e8s avoir purg\u00e9 la quasi totalit\u00e9 de sa peine sans aucun suivi m\u00e9dical. &#8211; les gardiens de la prison de&nbsp;<\/p>\n<p><a class=\"btn btn-style\" href=\"https:\/\/flavienneuvy.fr\/index.php\/2007\/08\/20\/affaire-evrard\/\">Continuer la lecture&#8230;<\/a><\/p>\n","protected":false},"author":1,"featured_media":0,"comment_status":"open","ping_status":"open","sticky":false,"template":"","format":"standard","meta":[],"categories":[1],"tags":[],"_links":{"self":[{"href":"https:\/\/flavienneuvy.fr\/index.php\/wp-json\/wp\/v2\/posts\/1288"}],"collection":[{"href":"https:\/\/flavienneuvy.fr\/index.php\/wp-json\/wp\/v2\/posts"}],"about":[{"href":"https:\/\/flavienneuvy.fr\/index.php\/wp-json\/wp\/v2\/types\/post"}],"author":[{"embeddable":true,"href":"https:\/\/flavienneuvy.fr\/index.php\/wp-json\/wp\/v2\/users\/1"}],"replies":[{"embeddable":true,"href":"https:\/\/flavienneuvy.fr\/index.php\/wp-json\/wp\/v2\/comments?post=1288"}],"version-history":[{"count":0,"href":"https:\/\/flavienneuvy.fr\/index.php\/wp-json\/wp\/v2\/posts\/1288\/revisions"}],"wp:attachment":[{"href":"https:\/\/flavienneuvy.fr\/index.php\/wp-json\/wp\/v2\/media?parent=1288"}],"wp:term":[{"taxonomy":"category","embeddable":true,"href":"https:\/\/flavienneuvy.fr\/index.php\/wp-json\/wp\/v2\/categories?post=1288"},{"taxonomy":"post_tag","embeddable":true,"href":"https:\/\/flavienneuvy.fr\/index.php\/wp-json\/wp\/v2\/tags?post=1288"}],"curies":[{"name":"wp","href":"https:\/\/api.w.org\/{rel}","templated":true}]}}