{"id":1290,"date":"2007-08-13T21:11:17","date_gmt":"2007-08-13T20:11:17","guid":{"rendered":"http:\/\/flavienneuvy.fr\/index.php\/2007\/08\/13\/la-rentre-dans\/"},"modified":"2007-08-13T21:11:17","modified_gmt":"2007-08-13T20:11:17","slug":"la-rentre-dans","status":"publish","type":"post","link":"https:\/\/flavienneuvy.fr\/index.php\/2007\/08\/13\/la-rentre-dans\/","title":{"rendered":"La rentr\u00e9e dans quelques jours,"},"content":{"rendered":"<p><span style=\"font-size: 1.2em;\">Eh oui, la rentr\u00e9e des classes arrive \u00e0 grands pas. Bien s\u00fbr des millions d&rsquo;\u00e9coliers vont reprendre le chemin de l&rsquo;\u00e9cole mais il y aura en m\u00eame temps la rentr\u00e9e politique qui traditionnellement fait son grand retour \u00e0 l&rsquo;occasion des universit\u00e9s d&rsquo;\u00e9t\u00e9 des partis politiques. Ces universit\u00e9s d&rsquo;\u00e9t\u00e9 se d\u00e9roulent chaque ann\u00e9e entre le 20 et le 30 ao\u00fbt. <\/span><\/p>\n<p><span style=\"font-size: 1.2em;\">Pour notre association aussi la rentr\u00e9e approche. Nous avons continu\u00e9 cet \u00e9t\u00e9 nos r\u00e9flexions et notre travail en vue des \u00e9lections municipales de C\u00e9bazat. Nous avons devant nous 7 mois pour convaincre les \u00e9lecteurs. Pour le moment l&rsquo;heure est \u00e0 la mobilisation et nous avons lanc\u00e9 en juin une grande campagne de recrutement de nouveaux adh\u00e9rents. Cette mobilisation de nouveaux adh\u00e9rents est fondamentale pour la r\u00e9ussite de notre projet municipal. Entendons-nous bien : pour moi des adh\u00e9rents sont des personnes qui versent une cotisation, c&rsquo;est la diff\u00e9rence qui existe entre les adh\u00e9rents et les sympathisants. <\/span><\/p>\n<p><span style=\"font-size: 1.2em;\">Nous pouvons tirer un premier bilan apr\u00e8s cette relance du mois de juin : EXCELLENT !!!! <\/span><\/p>\n<p><span style=\"font-size: 1.2em;\">Nous avons multipli\u00e9 par presque deux le nombre de nos adh\u00e9rents, et ce n&rsquo;est pas fini puisque nous avons encore re\u00e7u ce matin deux adh\u00e9sions de plus. Alors merci \u00e0 tous et surtout n&rsquo;oubliez pas que si vous souhaitez nous soutenir, le plus simple c&rsquo;est d&rsquo;adh\u00e9rer :10 \u20ac par personne. N&rsquo;h\u00e9sitez pas \u00e0 me contacter par mail \u00e0 l&rsquo;adresse <\/span><a href=\"mailto:flavien.neuvy@neuf.fr\"><span style=\"font-size: 1.2em;\">flavien.neuvy@neuf.fr<\/span><\/a><span style=\"font-size: 1.2em;\"> .<\/span><\/p>\n<p><span style=\"font-size: 1.2em;\">Flavien Neuvy <\/span><\/p>\n","protected":false},"excerpt":{"rendered":"<p>Eh oui, la rentr\u00e9e des classes arrive \u00e0 grands pas. Bien s\u00fbr des millions d&rsquo;\u00e9coliers vont reprendre le chemin de l&rsquo;\u00e9cole mais il y aura en m\u00eame temps la rentr\u00e9e politique qui traditionnellement fait son grand retour \u00e0 l&rsquo;occasion des universit\u00e9s d&rsquo;\u00e9t\u00e9 des partis politiques. Ces universit\u00e9s d&rsquo;\u00e9t\u00e9 se d\u00e9roulent chaque ann\u00e9e entre le 20&nbsp;<\/p>\n<p><a class=\"btn btn-style\" href=\"https:\/\/flavienneuvy.fr\/index.php\/2007\/08\/13\/la-rentre-dans\/\">Continuer la lecture&#8230;<\/a><\/p>\n","protected":false},"author":1,"featured_media":0,"comment_status":"open","ping_status":"open","sticky":false,"template":"","format":"standard","meta":[],"categories":[122],"tags":[],"_links":{"self":[{"href":"https:\/\/flavienneuvy.fr\/index.php\/wp-json\/wp\/v2\/posts\/1290"}],"collection":[{"href":"https:\/\/flavienneuvy.fr\/index.php\/wp-json\/wp\/v2\/posts"}],"about":[{"href":"https:\/\/flavienneuvy.fr\/index.php\/wp-json\/wp\/v2\/types\/post"}],"author":[{"embeddable":true,"href":"https:\/\/flavienneuvy.fr\/index.php\/wp-json\/wp\/v2\/users\/1"}],"replies":[{"embeddable":true,"href":"https:\/\/flavienneuvy.fr\/index.php\/wp-json\/wp\/v2\/comments?post=1290"}],"version-history":[{"count":0,"href":"https:\/\/flavienneuvy.fr\/index.php\/wp-json\/wp\/v2\/posts\/1290\/revisions"}],"wp:attachment":[{"href":"https:\/\/flavienneuvy.fr\/index.php\/wp-json\/wp\/v2\/media?parent=1290"}],"wp:term":[{"taxonomy":"category","embeddable":true,"href":"https:\/\/flavienneuvy.fr\/index.php\/wp-json\/wp\/v2\/categories?post=1290"},{"taxonomy":"post_tag","embeddable":true,"href":"https:\/\/flavienneuvy.fr\/index.php\/wp-json\/wp\/v2\/tags?post=1290"}],"curies":[{"name":"wp","href":"https:\/\/api.w.org\/{rel}","templated":true}]}}