{"id":1308,"date":"2007-06-24T19:47:04","date_gmt":"2007-06-24T18:47:04","guid":{"rendered":"http:\/\/flavienneuvy.fr\/index.php\/2007\/06\/24\/la-fte-de-la-se\/"},"modified":"2007-06-24T19:47:04","modified_gmt":"2007-06-24T18:47:04","slug":"la-fte-de-la-se","status":"publish","type":"post","link":"https:\/\/flavienneuvy.fr\/index.php\/2007\/06\/24\/la-fte-de-la-se\/","title":{"rendered":"La f\u00eate de la section gym de l&rsquo;amicale la\u00efque"},"content":{"rendered":"<p><span style=\"font-size: 1.2em;\">C&rsquo;est vendredi dernier que les enfants de la section gymnastique de l&rsquo;amicale la\u00efque de C\u00e9bazat ont pr\u00e9sent\u00e9 leur spectacle devant des parents forc\u00e9ment sous le charme.<\/span><\/p>\n<p><span style=\"font-size: 1.2em;\">Il faut dire que les professeurs et les enfants se sont donn\u00e9s beaucoup de mal et que le spectacle fut tr\u00e8s r\u00e9ussi. <\/span><\/p>\n<p><a onclick=\"window.open(this.href, '_blank', 'width=800,height=600,scrollbars=no,resizable=no,toolbar=no,directories=no,location=no,menubar=no,status=no,left=0,top=0'); return false\" href=\"http:\/\/cebazatpourdemain.neufblog.com\/.shared\/image.html?\/photos\/uncategorized\/2007\/06\/24\/p6220087.jpg\"><img decoding=\"async\" loading=\"lazy\" title=\"P6220087\" height=\"187\" alt=\"P6220087\" src=\"http:\/\/cebazatpourdemain.neufblog.com\/cebazatpourdemain\/images\/2007\/06\/24\/p6220087.jpg\" width=\"250\" border=\"0\" style=\"FLOAT: left; MARGIN: 0px 5px 5px 0px\" \/><\/a> <a onclick=\"window.open(this.href, '_blank', 'width=800,height=600,scrollbars=no,resizable=no,toolbar=no,directories=no,location=no,menubar=no,status=no,left=0,top=0'); return false\" href=\"http:\/\/cebazatpourdemain.neufblog.com\/.shared\/image.html?\/photos\/uncategorized\/2007\/06\/24\/p6220082.jpg\"><img decoding=\"async\" loading=\"lazy\" title=\"P6220082\" height=\"187\" alt=\"P6220082\" src=\"http:\/\/cebazatpourdemain.neufblog.com\/cebazatpourdemain\/images\/2007\/06\/24\/p6220082.jpg\" width=\"250\" border=\"0\" style=\"FLOAT: left; MARGIN: 0px 5px 5px 0px\" \/><\/a> <\/p>\n","protected":false},"excerpt":{"rendered":"<p>C&rsquo;est vendredi dernier que les enfants de la section gymnastique de l&rsquo;amicale la\u00efque de C\u00e9bazat ont pr\u00e9sent\u00e9 leur spectacle devant des parents forc\u00e9ment sous le charme. Il faut dire que les professeurs et les enfants se sont donn\u00e9s beaucoup de mal et que le spectacle fut tr\u00e8s r\u00e9ussi.<\/p>\n","protected":false},"author":1,"featured_media":0,"comment_status":"open","ping_status":"open","sticky":false,"template":"","format":"standard","meta":[],"categories":[1],"tags":[],"_links":{"self":[{"href":"https:\/\/flavienneuvy.fr\/index.php\/wp-json\/wp\/v2\/posts\/1308"}],"collection":[{"href":"https:\/\/flavienneuvy.fr\/index.php\/wp-json\/wp\/v2\/posts"}],"about":[{"href":"https:\/\/flavienneuvy.fr\/index.php\/wp-json\/wp\/v2\/types\/post"}],"author":[{"embeddable":true,"href":"https:\/\/flavienneuvy.fr\/index.php\/wp-json\/wp\/v2\/users\/1"}],"replies":[{"embeddable":true,"href":"https:\/\/flavienneuvy.fr\/index.php\/wp-json\/wp\/v2\/comments?post=1308"}],"version-history":[{"count":0,"href":"https:\/\/flavienneuvy.fr\/index.php\/wp-json\/wp\/v2\/posts\/1308\/revisions"}],"wp:attachment":[{"href":"https:\/\/flavienneuvy.fr\/index.php\/wp-json\/wp\/v2\/media?parent=1308"}],"wp:term":[{"taxonomy":"category","embeddable":true,"href":"https:\/\/flavienneuvy.fr\/index.php\/wp-json\/wp\/v2\/categories?post=1308"},{"taxonomy":"post_tag","embeddable":true,"href":"https:\/\/flavienneuvy.fr\/index.php\/wp-json\/wp\/v2\/tags?post=1308"}],"curies":[{"name":"wp","href":"https:\/\/api.w.org\/{rel}","templated":true}]}}