{"id":1382,"date":"2007-02-14T18:37:01","date_gmt":"2007-02-14T17:37:01","guid":{"rendered":"http:\/\/flavienneuvy.fr\/index.php\/2007\/02\/14\/ma_position_sur\/"},"modified":"2007-02-14T18:37:01","modified_gmt":"2007-02-14T17:37:01","slug":"ma_position_sur","status":"publish","type":"post","link":"https:\/\/flavienneuvy.fr\/index.php\/2007\/02\/14\/ma_position_sur\/","title":{"rendered":"Ma position sur l&rsquo;incin\u00e9rateur,"},"content":{"rendered":"<p><span style=\"color: #666666;\">Apr\u00e8s <\/span><a href=\"http:\/\/www.annecourtille.net\/article-5500987.html\"><span style=\"color: #33cc00;\"><strong><em>Anne Courtill\u00e9<\/em><\/strong><\/span><\/a><span style=\"color: #33cc00;\">&nbsp;<\/span><span style=\"color: #666666;\">et apr\u00e8s <\/span><a href=\"http:\/\/www.jeannoeldelorme.com\/article-5440394.html\"><span style=\"color: #33cc00;\"><em><strong>Jean-Pierre Brenas<\/strong><\/em><\/span><\/a><span style=\"color: #33cc00;\">&nbsp;<\/span><span style=\"color: #666666;\">je vous livre ma position sur le d\u00e9licat dossier de l&rsquo;incin\u00e9rateur.<\/span><\/p>\n<p><span style=\"color: #666666;\">Mais avant tout, je souhaite revenir sur la position quasi unanime de la gauche puydomoise sur ce dossier. Qui a d\u00e9cid\u00e9 de construire un incin\u00e9rateur ? Qui a expliqu\u00e9 pendant des mois et des ann\u00e9es qu&rsquo;on ne pouvait pas faire autrement et qu&rsquo;il fallait mettre le paquet d\u00e8s le d\u00e9part afin d&rsquo;avoir un gros incin\u00e9rateur ? Qui a conduit ce projet ? <\/span><\/p>\n<p><span style=\"color: #666666;\">Et voil\u00e0 que ceux qui sont \u00e0 l&rsquo;origine du projet manisfestent contre le projet ?!? Voil\u00e0 de la politique politicienne avec un petit &quot;p&quot;. L&rsquo;approche des \u00e9lections am\u00e8ne les socialistes du Puy de D\u00f4me a prendre une position \u00e9lectoraliste.<\/span><\/p>\n<p><span style=\"color: #666666;\">C&rsquo;est tout ce que je n&rsquo;aime pas en politique.<\/span><\/p>\n<p><span style=\"color: #666666;\">J&rsquo;avais \u00e9voqu\u00e9 au mois de septembre <\/span><a href=\"http:\/\/cebazatpourdemain.neufblog.com\/cebazatpourdemain\/2006\/09\/lincinrateur_de.html\"><em><strong><span style=\"color: #33cc00;\">le probl\u00e8me de l&rsquo;incin\u00e9rateur<\/span><\/strong><\/em><\/a><em><strong><span style=\"color: #33cc00;\"> <\/span><\/strong><\/em><span style=\"color: #666666;\">et d\u00e9j\u00e0 je pointait le retard que nous avons dans le tri s\u00e9lectif.<\/span><\/p>\n<p><span style=\"color: #666666;\">Lancer la construction de l&rsquo;incin\u00e9rateur tel qu&rsquo;il est pr\u00e9vu, c&rsquo;est condamner le tri s\u00e9lectif. Sa capacit\u00e9 est consid\u00e9rable et il faudra rentabiliser l&rsquo;investissement et pour le rentabiliser il faudra non seulement br\u00fbler tous nos d\u00e9chets mais aussi ceux de nos voisins. Ce n&rsquo;est pas raisonnable.<\/span><\/p>\n<p><span style=\"color: #666666;\">De plus, nous avons beaucoup de retard dans le tri s\u00e9lectif. Comment expliquer que les d\u00e9chets verts soient trait\u00e9s aujourd&rsquo;hui de la m\u00eame mani\u00e8re que les autres d\u00e9chets ? C&rsquo;est inacceptable.<\/span><\/p>\n<p><span style=\"color: #666666;\">Un bon tri s\u00e9lectif \u00e0 la maison c&rsquo;est le meilleur moyen d&rsquo;optimiser le recyclage et la valorisation des d\u00e9chets.<\/span><\/p>\n<p><span style=\"color: #666666;\">Je suis par ailleurs favorable \u00e0 l&rsquo;application du principe pollueur payeur pour le traitement des d\u00e9chets m\u00e9nagers. Ce principe qui existe d\u00e9j\u00e0 dans certaines communes pr\u00e9sente au moins deux avantages :<\/span><\/p>\n<p><span style=\"color: #666666;\">&#8211; Celui qui produit 100 kg de d\u00e9chets m\u00e9nagers par an paye moins que celui qui en produit 400 kg. Quoi de plus juste et de plus logique ?<\/span><\/p>\n<p><span style=\"color: #666666;\">&#8211; Ce principe responsabilise chacun d&rsquo;entre nous et l&rsquo;exp\u00e9rience montre qu&rsquo;un tel syst\u00e8me fait baisser de moiti\u00e9 la production de d\u00e9chets \u00e0 traiter.<\/span><\/p>\n<p><span style=\"color: #666666;\">C&rsquo;est un sujet sensible, important pour l&rsquo;avenir de notre environnement et les pouvoirs publics locaux se sont d\u00e9cr\u00e9dibilis\u00e9s sur ce dossier.<\/span><\/p>\n<p><span style=\"color: #666666;\">Flavien Neuvy <\/span><\/p>\n","protected":false},"excerpt":{"rendered":"<p>Apr\u00e8s Anne Courtill\u00e9&nbsp;et apr\u00e8s Jean-Pierre Brenas&nbsp;je vous livre ma position sur le d\u00e9licat dossier de l&rsquo;incin\u00e9rateur. Mais avant tout, je souhaite revenir sur la position quasi unanime de la gauche puydomoise sur ce dossier. Qui a d\u00e9cid\u00e9 de construire un incin\u00e9rateur ? Qui a expliqu\u00e9 pendant des mois et des ann\u00e9es qu&rsquo;on ne pouvait pas&nbsp;<\/p>\n<p><a class=\"btn btn-style\" href=\"https:\/\/flavienneuvy.fr\/index.php\/2007\/02\/14\/ma_position_sur\/\">Continuer la lecture&#8230;<\/a><\/p>\n","protected":false},"author":1,"featured_media":0,"comment_status":"open","ping_status":"open","sticky":false,"template":"","format":"standard","meta":[],"categories":[1],"tags":[],"_links":{"self":[{"href":"https:\/\/flavienneuvy.fr\/index.php\/wp-json\/wp\/v2\/posts\/1382"}],"collection":[{"href":"https:\/\/flavienneuvy.fr\/index.php\/wp-json\/wp\/v2\/posts"}],"about":[{"href":"https:\/\/flavienneuvy.fr\/index.php\/wp-json\/wp\/v2\/types\/post"}],"author":[{"embeddable":true,"href":"https:\/\/flavienneuvy.fr\/index.php\/wp-json\/wp\/v2\/users\/1"}],"replies":[{"embeddable":true,"href":"https:\/\/flavienneuvy.fr\/index.php\/wp-json\/wp\/v2\/comments?post=1382"}],"version-history":[{"count":0,"href":"https:\/\/flavienneuvy.fr\/index.php\/wp-json\/wp\/v2\/posts\/1382\/revisions"}],"wp:attachment":[{"href":"https:\/\/flavienneuvy.fr\/index.php\/wp-json\/wp\/v2\/media?parent=1382"}],"wp:term":[{"taxonomy":"category","embeddable":true,"href":"https:\/\/flavienneuvy.fr\/index.php\/wp-json\/wp\/v2\/categories?post=1382"},{"taxonomy":"post_tag","embeddable":true,"href":"https:\/\/flavienneuvy.fr\/index.php\/wp-json\/wp\/v2\/tags?post=1382"}],"curies":[{"name":"wp","href":"https:\/\/api.w.org\/{rel}","templated":true}]}}