{"id":1385,"date":"2007-02-04T10:30:35","date_gmt":"2007-02-04T09:30:35","guid":{"rendered":"http:\/\/flavienneuvy.fr\/index.php\/2007\/02\/04\/ingrid_betancou\/"},"modified":"2007-02-04T10:30:35","modified_gmt":"2007-02-04T09:30:35","slug":"ingrid_betancou","status":"publish","type":"post","link":"https:\/\/flavienneuvy.fr\/index.php\/2007\/02\/04\/ingrid_betancou\/","title":{"rendered":"Ingrid Betancourt, 5 ans d\u00e9j\u00e0"},"content":{"rendered":"<p><a href=\"IMG\/jpg\/ingrid_20sur_20le_20tarmac-2.jpg\"><\/a><\/p>\n<p><a onclick=\"window.open(this.href, '_blank', 'width=150,height=150,scrollbars=no,resizable=no,toolbar=no,directories=no,location=no,menubar=no,status=no,left=0,top=0'); return false\" href=\"http:\/\/cebazatpourdemain.neufblog.com\/.shared\/image.html?\/photos\/uncategorized\/ingrid_20sur_20le_20tarmac2150x150.jpg\"><img decoding=\"async\" loading=\"lazy\" title=\"Ingrid_20sur_20le_20tarmac2150x150\" height=\"136\" alt=\"Ingrid_20sur_20le_20tarmac2150x150\" src=\"http:\/\/cebazatpourdemain.neufblog.com\/cebazatpourdemain\/images\/ingrid_20sur_20le_20tarmac2150x150.jpg\" width=\"150\" border=\"0\" style=\"FLOAT: left; MARGIN: 0px 5px 5px 0px; WIDTH: 150px; HEIGHT: 136px\" \/><\/a> Le 23 f\u00e9vrier prochain cela fera 5 ans qu&rsquo;Ingrid Betancourt est d\u00e9tenue en otage par les Forces Arm\u00e9es R\u00e9volutionnaires de Colombie ( les FARC d&rsquo;ob\u00e9dience marxiste-l\u00e9niniste ). 5 ans de d\u00e9tention dans une indiff\u00e9rence qui est compl\u00e8tement incompr\u00e9hensible.<\/p>\n<p>La mobilisation des m\u00e9dias reste tr\u00e8s faible et il n&rsquo;y a pas grand monde qui bouge pour d\u00e9noncer la captivit\u00e9 d&rsquo;une adepte de la libert\u00e9 et de la d\u00e9mocratie. Je pense aussi aux 3000 autres otages d\u00e9tenus en Colombie.<\/p>\n<p>Je profite de ce texte pour redire la chance que nous avons de vivre dans un pays de libert\u00e9, dans un pays o\u00f9 on ne peut pas \u00eatre inqui\u00e9t\u00e9 pour ses id\u00e9es ni ses convictions. Pour avoir v\u00e9cu 18 ans dans des pays o\u00f9 la libert\u00e9 d&rsquo;expression et de pens\u00e9e n&rsquo;existaient pas, je mesure \u00e0 sa juste valeur notre chance.<\/p>\n<p>Je vous invite \u00e0 vous rendre sur le le site <a href=\"http:\/\/www.ingridbetancourt-idf.com\/base\/\">d&rsquo;Ingrid Betancourt<\/a>. Vous pourrez y laisser des messages de soutien, signer une p\u00e9tition&#8230;&#8230;<\/p>\n<p>La diplomatie fran\u00e7aise doit faire de la lib\u00e9ration d&rsquo;Ingrid une priorit\u00e9 absolue. C&rsquo;est le devoir de notre pays.<\/p>\n<p>Flavien Neuvy<\/p>\n","protected":false},"excerpt":{"rendered":"<p>Le 23 f\u00e9vrier prochain cela fera 5 ans qu&rsquo;Ingrid Betancourt est d\u00e9tenue en otage par les Forces Arm\u00e9es R\u00e9volutionnaires de Colombie ( les FARC d&rsquo;ob\u00e9dience marxiste-l\u00e9niniste ). 5 ans de d\u00e9tention dans une indiff\u00e9rence qui est compl\u00e8tement incompr\u00e9hensible. La mobilisation des m\u00e9dias reste tr\u00e8s faible et il n&rsquo;y a pas grand monde qui bouge pour&nbsp;<\/p>\n<p><a class=\"btn btn-style\" href=\"https:\/\/flavienneuvy.fr\/index.php\/2007\/02\/04\/ingrid_betancou\/\">Continuer la lecture&#8230;<\/a><\/p>\n","protected":false},"author":1,"featured_media":0,"comment_status":"open","ping_status":"open","sticky":false,"template":"","format":"standard","meta":[],"categories":[1],"tags":[],"_links":{"self":[{"href":"https:\/\/flavienneuvy.fr\/index.php\/wp-json\/wp\/v2\/posts\/1385"}],"collection":[{"href":"https:\/\/flavienneuvy.fr\/index.php\/wp-json\/wp\/v2\/posts"}],"about":[{"href":"https:\/\/flavienneuvy.fr\/index.php\/wp-json\/wp\/v2\/types\/post"}],"author":[{"embeddable":true,"href":"https:\/\/flavienneuvy.fr\/index.php\/wp-json\/wp\/v2\/users\/1"}],"replies":[{"embeddable":true,"href":"https:\/\/flavienneuvy.fr\/index.php\/wp-json\/wp\/v2\/comments?post=1385"}],"version-history":[{"count":0,"href":"https:\/\/flavienneuvy.fr\/index.php\/wp-json\/wp\/v2\/posts\/1385\/revisions"}],"wp:attachment":[{"href":"https:\/\/flavienneuvy.fr\/index.php\/wp-json\/wp\/v2\/media?parent=1385"}],"wp:term":[{"taxonomy":"category","embeddable":true,"href":"https:\/\/flavienneuvy.fr\/index.php\/wp-json\/wp\/v2\/categories?post=1385"},{"taxonomy":"post_tag","embeddable":true,"href":"https:\/\/flavienneuvy.fr\/index.php\/wp-json\/wp\/v2\/tags?post=1385"}],"curies":[{"name":"wp","href":"https:\/\/api.w.org\/{rel}","templated":true}]}}