{"id":1393,"date":"2007-01-09T21:48:06","date_gmt":"2007-01-09T20:48:06","guid":{"rendered":"http:\/\/flavienneuvy.fr\/index.php\/2007\/01\/09\/luniforme_lcole\/"},"modified":"2007-01-09T21:48:06","modified_gmt":"2007-01-09T20:48:06","slug":"luniforme_lcole","status":"publish","type":"post","link":"https:\/\/flavienneuvy.fr\/index.php\/2007\/01\/09\/luniforme_lcole\/","title":{"rendered":"L&rsquo;uniforme \u00e0 l&rsquo;\u00e9cole,"},"content":{"rendered":"<p>Trois d\u00e9put\u00e9s UMP de Seine-Saint-Denis ont d\u00e9pos\u00e9 une proposition de loi dans laquelle ils r\u00e9clament le port obligatoire d&rsquo;une tenue commune \u00e0 l\u2019\u00e9cole. Les trois d\u00e9put\u00e9s en question sont Eric Raoult, Robert Pandraud et Jean-Claude Abrioux.<\/p>\n<p>L&rsquo;argument avanc\u00e9 est de dire qu&rsquo;il s&rsquo;agit avec cette nouveaut\u00e9, d&rsquo;\u00e9viter des agressions et de mettre les \u00e9l\u00e8ves sur un pied d&rsquo;\u00e9galit\u00e9. Ce d\u00e9bat n&rsquo;est, \u00e0 vrai dire, pas tr\u00e8s nouveau mais je pense sinc\u00e8rement qu&rsquo;il y a bien d&rsquo;autres sujets dont le l\u00e9gislateur doit s&rsquo;occuper avant de se pencher sur la tenue des enfants \u00e0 l&rsquo;\u00e9cole&#8230;&#8230; <\/p>\n<p>Je suis, de plus, franchement hostile \u00e0 cette id\u00e9e. Je suis un farouche d\u00e9fenseur de la libert\u00e9 et pouvoir s&rsquo;habiller ou pouvoir habiller ses enfants comme on le souhaite fait partie des libert\u00e9s individuelles.<\/p>\n<p>Si on suit un tel raisonnement, je pense aussi qu&rsquo;on devrait imposer une certaine coupe de cheveux pour les gar\u00e7ons et une autre pour les filles afin qu&rsquo;aucun enfant ne soit traumatis\u00e9.<\/p>\n<p>Et puis il faudrait aussi penser \u00e0 imposer une certaine couleur de cheveux pour \u00e9viter les complexes de nos chers petits. <\/p>\n<p>Et pour finir je propose que tous les parents viennent \u00e0 l&rsquo;\u00e9cole avec la m\u00eame voiture afin que personne ne puisse se dire qu&rsquo;il a une plus petite voiture que son voisin&#8230;&#8230;. Ce d\u00e9bat n&rsquo;a pas de sens. <\/p>\n<p>Flavien Neuvy <\/p>\n","protected":false},"excerpt":{"rendered":"<p>Trois d\u00e9put\u00e9s UMP de Seine-Saint-Denis ont d\u00e9pos\u00e9 une proposition de loi dans laquelle ils r\u00e9clament le port obligatoire d&rsquo;une tenue commune \u00e0 l\u2019\u00e9cole. Les trois d\u00e9put\u00e9s en question sont Eric Raoult, Robert Pandraud et Jean-Claude Abrioux. L&rsquo;argument avanc\u00e9 est de dire qu&rsquo;il s&rsquo;agit avec cette nouveaut\u00e9, d&rsquo;\u00e9viter des agressions et de mettre les \u00e9l\u00e8ves sur&nbsp;<\/p>\n<p><a class=\"btn btn-style\" href=\"https:\/\/flavienneuvy.fr\/index.php\/2007\/01\/09\/luniforme_lcole\/\">Continuer la lecture&#8230;<\/a><\/p>\n","protected":false},"author":1,"featured_media":0,"comment_status":"open","ping_status":"open","sticky":false,"template":"","format":"standard","meta":[],"categories":[1],"tags":[],"_links":{"self":[{"href":"https:\/\/flavienneuvy.fr\/index.php\/wp-json\/wp\/v2\/posts\/1393"}],"collection":[{"href":"https:\/\/flavienneuvy.fr\/index.php\/wp-json\/wp\/v2\/posts"}],"about":[{"href":"https:\/\/flavienneuvy.fr\/index.php\/wp-json\/wp\/v2\/types\/post"}],"author":[{"embeddable":true,"href":"https:\/\/flavienneuvy.fr\/index.php\/wp-json\/wp\/v2\/users\/1"}],"replies":[{"embeddable":true,"href":"https:\/\/flavienneuvy.fr\/index.php\/wp-json\/wp\/v2\/comments?post=1393"}],"version-history":[{"count":0,"href":"https:\/\/flavienneuvy.fr\/index.php\/wp-json\/wp\/v2\/posts\/1393\/revisions"}],"wp:attachment":[{"href":"https:\/\/flavienneuvy.fr\/index.php\/wp-json\/wp\/v2\/media?parent=1393"}],"wp:term":[{"taxonomy":"category","embeddable":true,"href":"https:\/\/flavienneuvy.fr\/index.php\/wp-json\/wp\/v2\/categories?post=1393"},{"taxonomy":"post_tag","embeddable":true,"href":"https:\/\/flavienneuvy.fr\/index.php\/wp-json\/wp\/v2\/tags?post=1393"}],"curies":[{"name":"wp","href":"https:\/\/api.w.org\/{rel}","templated":true}]}}