{"id":1394,"date":"2007-01-07T18:15:40","date_gmt":"2007-01-07T17:15:40","guid":{"rendered":"http:\/\/flavienneuvy.fr\/index.php\/2007\/01\/07\/libert\/"},"modified":"2007-01-07T18:15:40","modified_gmt":"2007-01-07T17:15:40","slug":"libert","status":"publish","type":"post","link":"https:\/\/flavienneuvy.fr\/index.php\/2007\/01\/07\/libert\/","title":{"rendered":"Libert\u00e9,"},"content":{"rendered":"<p>Nous avons la chance de vivre dans un pays o\u00f9 la libert\u00e9 d&rsquo;expression est totale. Il suffit pour s&rsquo;en rendre compte de constater la libert\u00e9 qui existe aujourd&rsquo;hui sur la toile o\u00f9 toutes les id\u00e9es peuvent \u00eatre d\u00e9fendues sans que leurs d\u00e9fenseurs se mettent en danger.<\/p>\n<p>Ce n&rsquo;est pas le cas partout dans le monde, loin de l\u00e0, puisque qu&rsquo;environ les deux tiers de l&rsquo;humanit\u00e9 ne peut s&rsquo;exprimer librement dans son propre pays. C&rsquo;est l&rsquo;occasion pour moi d&rsquo;avoir une pens\u00e9e pour Ingrid Betancourt qui est d\u00e9tenue depuis presque 5 ans par la gu\u00e9rilla marxiste des FARC en Colombie.<\/p>\n<p>J&rsquo;ajoute que nous avons, de plus, la chance de vivre dans un pays en paix. Alors non tout ne va pas bien en France, qui pourrait dire le contraire, mais la libert\u00e9 et la paix sont deux \u00e9l\u00e9ments pr\u00e9cieux dont bien des hommes sur cette terre sont priv\u00e9s.<\/p>\n<p>Nous n&rsquo;avons pas toujours conscience de la chance que nous avons.<\/p>\n<p>Flavien Neuvy <\/p>\n","protected":false},"excerpt":{"rendered":"<p>Nous avons la chance de vivre dans un pays o\u00f9 la libert\u00e9 d&rsquo;expression est totale. Il suffit pour s&rsquo;en rendre compte de constater la libert\u00e9 qui existe aujourd&rsquo;hui sur la toile o\u00f9 toutes les id\u00e9es peuvent \u00eatre d\u00e9fendues sans que leurs d\u00e9fenseurs se mettent en danger. Ce n&rsquo;est pas le cas partout dans le monde,&nbsp;<\/p>\n<p><a class=\"btn btn-style\" href=\"https:\/\/flavienneuvy.fr\/index.php\/2007\/01\/07\/libert\/\">Continuer la lecture&#8230;<\/a><\/p>\n","protected":false},"author":1,"featured_media":0,"comment_status":"open","ping_status":"open","sticky":false,"template":"","format":"standard","meta":[],"categories":[1],"tags":[],"_links":{"self":[{"href":"https:\/\/flavienneuvy.fr\/index.php\/wp-json\/wp\/v2\/posts\/1394"}],"collection":[{"href":"https:\/\/flavienneuvy.fr\/index.php\/wp-json\/wp\/v2\/posts"}],"about":[{"href":"https:\/\/flavienneuvy.fr\/index.php\/wp-json\/wp\/v2\/types\/post"}],"author":[{"embeddable":true,"href":"https:\/\/flavienneuvy.fr\/index.php\/wp-json\/wp\/v2\/users\/1"}],"replies":[{"embeddable":true,"href":"https:\/\/flavienneuvy.fr\/index.php\/wp-json\/wp\/v2\/comments?post=1394"}],"version-history":[{"count":0,"href":"https:\/\/flavienneuvy.fr\/index.php\/wp-json\/wp\/v2\/posts\/1394\/revisions"}],"wp:attachment":[{"href":"https:\/\/flavienneuvy.fr\/index.php\/wp-json\/wp\/v2\/media?parent=1394"}],"wp:term":[{"taxonomy":"category","embeddable":true,"href":"https:\/\/flavienneuvy.fr\/index.php\/wp-json\/wp\/v2\/categories?post=1394"},{"taxonomy":"post_tag","embeddable":true,"href":"https:\/\/flavienneuvy.fr\/index.php\/wp-json\/wp\/v2\/tags?post=1394"}],"curies":[{"name":"wp","href":"https:\/\/api.w.org\/{rel}","templated":true}]}}