{"id":1396,"date":"2007-01-01T22:41:16","date_gmt":"2007-01-01T21:41:16","guid":{"rendered":"http:\/\/flavienneuvy.fr\/index.php\/2007\/01\/01\/bonne_anne\/"},"modified":"2007-01-01T22:41:16","modified_gmt":"2007-01-01T21:41:16","slug":"bonne_anne","status":"publish","type":"post","link":"https:\/\/flavienneuvy.fr\/index.php\/2007\/01\/01\/bonne_anne\/","title":{"rendered":"Bonne ann\u00e9e"},"content":{"rendered":"<p>C&rsquo;est la traditionnelle p\u00e9riode des voeux et je souhaite profiter de ce 1er janvier 2007 pour vous souhaiter une tr\u00e8s bonne et tr\u00e8s heureuse ann\u00e9e 2007. <\/p>\n<p>L&rsquo;ann\u00e9e prochaine \u00e0 la m\u00eame date nous aurons un nouveau Pr\u00e9sident de la R\u00e9publique, un nouveau Premier Ministre, une nouvelle Assemble Nationale&#8230;&#8230;C&rsquo;est dire si cette ann\u00e9e 2007 est importante pour notre pays. Nous aurons \u00e0 choisir entre plusieurs candidats, entre plusieurs projets, entre plusieurs visions de la soci\u00e9t\u00e9. Je souhaite que les quelques mois qui nous s\u00e9parent du premier tour de l&rsquo;\u00e9lection pr\u00e9sidentielle soient l&rsquo;occasion d&rsquo;un vrai d\u00e9bat. J&rsquo;esp\u00e8re (sans trop y croire) que ce d\u00e9bat soit un d\u00e9bat qui \u00e9claire les id\u00e9es des uns et des autres et surtout qu&rsquo;il ait lieu sans coups tordus et sans coups bas qui n&rsquo;apportent rien \u00e0 la politique si ce n&rsquo;est le discr\u00e9dit.<\/p>\n<p>L&rsquo;ann\u00e9e prochaine \u00e0 la m\u00eame date, la campagne officielle des \u00e9lections municipales aura commenc\u00e9. Nous serons donc dans le vif du sujet. Je souhaite donc que cette \u00e9lection municipale de 2008 soit, pour les C\u00e9bazaires, l&rsquo;occasion d&rsquo;enfin pouvoir choisir une autre voie pour la commune, une autre vision de l&rsquo;avenir. Ce choix qui a tant fait d\u00e9faut en 2001 vous sera propos\u00e9.<\/p>\n<p>Bonne ann\u00e9e \u00e0 toutes et tous.<\/p>\n<p>Flavien Neuvy&nbsp; &nbsp;<\/p>\n","protected":false},"excerpt":{"rendered":"<p>C&rsquo;est la traditionnelle p\u00e9riode des voeux et je souhaite profiter de ce 1er janvier 2007 pour vous souhaiter une tr\u00e8s bonne et tr\u00e8s heureuse ann\u00e9e 2007. L&rsquo;ann\u00e9e prochaine \u00e0 la m\u00eame date nous aurons un nouveau Pr\u00e9sident de la R\u00e9publique, un nouveau Premier Ministre, une nouvelle Assemble Nationale&#8230;&#8230;C&rsquo;est dire si cette ann\u00e9e 2007 est importante&nbsp;<\/p>\n<p><a class=\"btn btn-style\" href=\"https:\/\/flavienneuvy.fr\/index.php\/2007\/01\/01\/bonne_anne\/\">Continuer la lecture&#8230;<\/a><\/p>\n","protected":false},"author":1,"featured_media":0,"comment_status":"open","ping_status":"open","sticky":false,"template":"","format":"standard","meta":[],"categories":[1],"tags":[],"_links":{"self":[{"href":"https:\/\/flavienneuvy.fr\/index.php\/wp-json\/wp\/v2\/posts\/1396"}],"collection":[{"href":"https:\/\/flavienneuvy.fr\/index.php\/wp-json\/wp\/v2\/posts"}],"about":[{"href":"https:\/\/flavienneuvy.fr\/index.php\/wp-json\/wp\/v2\/types\/post"}],"author":[{"embeddable":true,"href":"https:\/\/flavienneuvy.fr\/index.php\/wp-json\/wp\/v2\/users\/1"}],"replies":[{"embeddable":true,"href":"https:\/\/flavienneuvy.fr\/index.php\/wp-json\/wp\/v2\/comments?post=1396"}],"version-history":[{"count":0,"href":"https:\/\/flavienneuvy.fr\/index.php\/wp-json\/wp\/v2\/posts\/1396\/revisions"}],"wp:attachment":[{"href":"https:\/\/flavienneuvy.fr\/index.php\/wp-json\/wp\/v2\/media?parent=1396"}],"wp:term":[{"taxonomy":"category","embeddable":true,"href":"https:\/\/flavienneuvy.fr\/index.php\/wp-json\/wp\/v2\/categories?post=1396"},{"taxonomy":"post_tag","embeddable":true,"href":"https:\/\/flavienneuvy.fr\/index.php\/wp-json\/wp\/v2\/tags?post=1396"}],"curies":[{"name":"wp","href":"https:\/\/api.w.org\/{rel}","templated":true}]}}