{"id":1419,"date":"2006-10-23T08:06:17","date_gmt":"2006-10-23T07:06:17","guid":{"rendered":"http:\/\/flavienneuvy.fr\/index.php\/2006\/10\/23\/monsieur_revel\/"},"modified":"2006-10-23T08:06:17","modified_gmt":"2006-10-23T07:06:17","slug":"monsieur_revel","status":"publish","type":"post","link":"https:\/\/flavienneuvy.fr\/index.php\/2006\/10\/23\/monsieur_revel\/","title":{"rendered":"Monsieur Revel,"},"content":{"rendered":"<p>Il y a quelques mois Jean-Fran\u00e7ois Revel nous quittait. Nous ne pouvons que constater le vide qu&rsquo;il laisse. Son style incomparable, sa pens\u00e9e, sa vision juste et lucide des choses nous manquent. Je me suis replong\u00e9 dans quelques unes des ses oeuvres. Je suis en ce moment en train de (re)lire &quot;La grande parade&quot;. C&rsquo;est  le livre r\u00e9f\u00e9rence de ma pens\u00e9e politique. Je vous en propose un extrait savoureux.<\/p>\n<p>&quot; Aucune des justifications avanc\u00e9es depuis 1917 en faveur du communisme r\u00e9el n&rsquo;a r\u00e9sist\u00e9 \u00e0 l&rsquo;exp\u00e9rience; aucun des objectifs qu&rsquo;il se targuait d&rsquo;atteindre n&rsquo;a \u00e9t\u00e9 atteint : ni la libert\u00e9, ni la prosp\u00e9rit\u00e9, ni l&rsquo;\u00e9galit\u00e9, ni la paix. Si bien qu&rsquo;il a disparu, sous le poids de ses propres vices plus que sous les coups de ses adversaires. Et pourtant, il n&rsquo;a peut-\u00eatre jamais \u00e9t\u00e9 aussi farouchement prot\u00e9g\u00e9 par autant de censeurs aussi d\u00e9nu\u00e9s de scrupules que depuis son naufrage.<\/p>\n<p>Que d&rsquo;abn\u00e9gation ne faut-il pas pour ferrailler en faveur d&rsquo;un syst\u00e8me politique et id\u00e9oligique qui n&rsquo;a plus d&rsquo;avenir, pas m\u00eame de pr\u00e9sent, et dont le pass\u00e9 est \u00e0 ce point grotesque, st\u00e9rile et sanglant ! Pousser aussi loin le sacrifice volontaire de sa propre intelligence force l&rsquo;estime, mais demeure une \u00e9nigme : l&rsquo;\u00e9nigme de l&rsquo;homme m\u00eame, sans doute.&quot;<\/p>\n<p>Merci M. Revel.<\/p>\n<p>Flavien Neuvy le 23\/10\/2006<\/p>\n","protected":false},"excerpt":{"rendered":"<p>Il y a quelques mois Jean-Fran\u00e7ois Revel nous quittait. Nous ne pouvons que constater le vide qu&rsquo;il laisse. Son style incomparable, sa pens\u00e9e, sa vision juste et lucide des choses nous manquent. Je me suis replong\u00e9 dans quelques unes des ses oeuvres. Je suis en ce moment en train de (re)lire &quot;La grande parade&quot;. C&rsquo;est&nbsp;<\/p>\n<p><a class=\"btn btn-style\" href=\"https:\/\/flavienneuvy.fr\/index.php\/2006\/10\/23\/monsieur_revel\/\">Continuer la lecture&#8230;<\/a><\/p>\n","protected":false},"author":1,"featured_media":0,"comment_status":"open","ping_status":"closed","sticky":false,"template":"","format":"standard","meta":[],"categories":[1],"tags":[],"_links":{"self":[{"href":"https:\/\/flavienneuvy.fr\/index.php\/wp-json\/wp\/v2\/posts\/1419"}],"collection":[{"href":"https:\/\/flavienneuvy.fr\/index.php\/wp-json\/wp\/v2\/posts"}],"about":[{"href":"https:\/\/flavienneuvy.fr\/index.php\/wp-json\/wp\/v2\/types\/post"}],"author":[{"embeddable":true,"href":"https:\/\/flavienneuvy.fr\/index.php\/wp-json\/wp\/v2\/users\/1"}],"replies":[{"embeddable":true,"href":"https:\/\/flavienneuvy.fr\/index.php\/wp-json\/wp\/v2\/comments?post=1419"}],"version-history":[{"count":0,"href":"https:\/\/flavienneuvy.fr\/index.php\/wp-json\/wp\/v2\/posts\/1419\/revisions"}],"wp:attachment":[{"href":"https:\/\/flavienneuvy.fr\/index.php\/wp-json\/wp\/v2\/media?parent=1419"}],"wp:term":[{"taxonomy":"category","embeddable":true,"href":"https:\/\/flavienneuvy.fr\/index.php\/wp-json\/wp\/v2\/categories?post=1419"},{"taxonomy":"post_tag","embeddable":true,"href":"https:\/\/flavienneuvy.fr\/index.php\/wp-json\/wp\/v2\/tags?post=1419"}],"curies":[{"name":"wp","href":"https:\/\/api.w.org\/{rel}","templated":true}]}}