{"id":1421,"date":"2006-10-16T21:07:11","date_gmt":"2006-10-16T20:07:11","guid":{"rendered":"http:\/\/flavienneuvy.fr\/index.php\/2006\/10\/16\/le_tramway\/"},"modified":"2006-10-16T21:07:11","modified_gmt":"2006-10-16T20:07:11","slug":"le_tramway","status":"publish","type":"post","link":"https:\/\/flavienneuvy.fr\/index.php\/2006\/10\/16\/le_tramway\/","title":{"rendered":"Le tramway,"},"content":{"rendered":"<p><a onclick=\"window.open(this.href, '_blank', 'width=420,height=298,scrollbars=no,resizable=no,toolbar=no,directories=no,location=no,menubar=no,status=no,left=0,top=0'); return false\" href=\"http:\/\/cebazatpourdemain.neufblog.com\/.shared\/image.html?\/photos\/uncategorized\/logo_cebazat_2.jpg\"><img decoding=\"async\" loading=\"lazy\" title=\"Logo_cebazat_2\" height=\"70\" alt=\"Logo_cebazat_2\" src=\"http:\/\/cebazatpourdemain.neufblog.com\/cebazatpourdemain\/images\/logo_cebazat_2.jpg\" width=\"100\" border=\"0\" style=\"FLOAT: left; MARGIN: 0px 5px 5px 0px\" \/><\/a> Tous les blogs clermontois y sont all\u00e9s de leurs commentaires sur les d\u00e9boires d\u00e9sormais bien connus du tram. Les uns rivalisent d&rsquo;ironie pour d\u00e9noncer ce grave incident et les autres s&#8217;empressent de d\u00e9noncer la r\u00e9cup\u00e9ration politique des premiers. <\/p>\n<p>Une chose est s\u00fbre, ce report ne laisse personne indiff\u00e9rent.<\/p>\n<p>Quant \u00e0 moi je regrette cet incident pour les clermontois qui ne peuvent b\u00e9n\u00e9ficier de ce nouveau mode de transport mais \u00e9galement pour les commer\u00e7ants qui trop longtemps ont pay\u00e9 la facture et qui continuent \u00e0 la payer.<\/p>\n<p>D\u00e8s le d\u00e9part j&rsquo;ai pens\u00e9 que le tram \u00e9tait un projet trop cher pour notre agglom\u00e9ration. On pouvait faire, pour beaucoup moins cher, des am\u00e9liorations consid\u00e9rables sur les r\u00e9seaux existants.<\/p>\n<p>Je regrette, compte tenu des sommes investies, la prise de risque inutile sur les technologies employ\u00e9es pour notre tram. La fiabilit\u00e9 n&rsquo;est pas au rendez-vous.<\/p>\n<p>Mais maintenant que le tram est l\u00e0, on ne peut que souhaiter qu&rsquo;il marche bien et le plus vite possible.<\/p>\n<p>A noter que la colossale campagne de publicit\u00e9 faite autour de l&rsquo;inauguration est incompr\u00e9hensible. Que le SMTC (donc M.Godard) veuille donner des informations \u00e0 la population locale sur le f\u00eate pr\u00e9vue pour l&rsquo;inauguration du tram, passe encore, mais que cette campagne aille jusqu&rsquo;\u00e0 St Etienne&#8230;alors l\u00e0 il faut m&rsquo;expliquer.<\/p>\n<p>S&rsquo;agit-il de promouvoir le tram ou s&rsquo;agit-il de propagande personnelle ? Pourquoi payer tant de panneaux \u00e0 St Etienne ?<\/p>\n<p>Remarquez, peut-\u00eatre que les st\u00e9phanois qui ont un tram qui marche, lui, se sont bouscul\u00e9s \u00e0 Clermont pour enfin voir un tram qui ne marche pas&nbsp; !<\/p>\n<p>Flavien Neuvy le 16 octobre 2006<\/p>\n","protected":false},"excerpt":{"rendered":"<p>Tous les blogs clermontois y sont all\u00e9s de leurs commentaires sur les d\u00e9boires d\u00e9sormais bien connus du tram. Les uns rivalisent d&rsquo;ironie pour d\u00e9noncer ce grave incident et les autres s&#8217;empressent de d\u00e9noncer la r\u00e9cup\u00e9ration politique des premiers. Une chose est s\u00fbre, ce report ne laisse personne indiff\u00e9rent. Quant \u00e0 moi je regrette cet incident&nbsp;<\/p>\n<p><a class=\"btn btn-style\" href=\"https:\/\/flavienneuvy.fr\/index.php\/2006\/10\/16\/le_tramway\/\">Continuer la lecture&#8230;<\/a><\/p>\n","protected":false},"author":1,"featured_media":0,"comment_status":"open","ping_status":"closed","sticky":false,"template":"","format":"standard","meta":[],"categories":[1],"tags":[],"_links":{"self":[{"href":"https:\/\/flavienneuvy.fr\/index.php\/wp-json\/wp\/v2\/posts\/1421"}],"collection":[{"href":"https:\/\/flavienneuvy.fr\/index.php\/wp-json\/wp\/v2\/posts"}],"about":[{"href":"https:\/\/flavienneuvy.fr\/index.php\/wp-json\/wp\/v2\/types\/post"}],"author":[{"embeddable":true,"href":"https:\/\/flavienneuvy.fr\/index.php\/wp-json\/wp\/v2\/users\/1"}],"replies":[{"embeddable":true,"href":"https:\/\/flavienneuvy.fr\/index.php\/wp-json\/wp\/v2\/comments?post=1421"}],"version-history":[{"count":0,"href":"https:\/\/flavienneuvy.fr\/index.php\/wp-json\/wp\/v2\/posts\/1421\/revisions"}],"wp:attachment":[{"href":"https:\/\/flavienneuvy.fr\/index.php\/wp-json\/wp\/v2\/media?parent=1421"}],"wp:term":[{"taxonomy":"category","embeddable":true,"href":"https:\/\/flavienneuvy.fr\/index.php\/wp-json\/wp\/v2\/categories?post=1421"},{"taxonomy":"post_tag","embeddable":true,"href":"https:\/\/flavienneuvy.fr\/index.php\/wp-json\/wp\/v2\/tags?post=1421"}],"curies":[{"name":"wp","href":"https:\/\/api.w.org\/{rel}","templated":true}]}}