{"id":1422,"date":"2006-10-12T21:25:26","date_gmt":"2006-10-12T20:25:26","guid":{"rendered":"http:\/\/flavienneuvy.fr\/index.php\/2006\/10\/12\/leurope_selon_s\/"},"modified":"2006-10-12T21:25:26","modified_gmt":"2006-10-12T20:25:26","slug":"leurope_selon_s","status":"publish","type":"post","link":"https:\/\/flavienneuvy.fr\/index.php\/2006\/10\/12\/leurope_selon_s\/","title":{"rendered":"L&rsquo;Europe selon S\u00e9gol\u00e8ne ,"},"content":{"rendered":"<p>C&rsquo;est hier que S\u00e9gol\u00e8ne Royal a donn\u00e9 sa vison de l&rsquo;Eruope. Et quelle vision ! Incontestablement elle prend de la hauteur et nous livre des analyses et des pens\u00e9es d&rsquo;une puissance rare.<\/p>\n<p>Jugez plut\u00f4t :<\/p>\n<p>A propos de l&rsquo;entr\u00e9e de la Turquie en Europe : &quot;mon opinion est celle du peuple fran\u00e7ais&quot; . Risible.<\/p>\n<p>Y aurait-il eu un r\u00e9f\u00e9rundum donnant clairement l&rsquo;avis du peuple sur la question, r\u00e9f\u00e9rundum qui m&rsquo;aurait \u00e9chapp\u00e9 ? <\/p>\n<p>Plus fort : &quot; je veux une Europe juste&quot;&nbsp; ou encore &quot; je veux une Europe du respect&quot;.<\/p>\n<p>Consternant. C&rsquo;est exactement ce que Jean-Fran\u00e7ois REVEL qualifiait de mis\u00e9rables platitudes. <\/p>\n<p>Je propose au lecteur de lire mon texte du 5 septembre qui \u00e9voquait d\u00e9j\u00e0 la capacit\u00e9 de madame Royal \u00e0 utiliser des slogans qui ne veulent rien dire. <a href=\"http:\/\/cebazatpourdemain.neufblog.com\/cebazatpourdemain\/2006\/09\/index.html\">lire ICI<\/a><\/p>\n<p>Vraiment j&rsquo;esp\u00e8re que ce sera elle la candidate du Parti Socialiste.<\/p>\n<p>Cela nuira certainement \u00e0 la richesse des d\u00e9bats mais je ne peux pas croire que le masque de la nouveaut\u00e9 et de la prudence ne finira pas par tomber sous les coups r\u00e9p\u00e9titifs de ses propros l\u00e9nifiants .<\/p>\n<p>Flavien Neuvy le 12 octobre 2006<\/p>\n","protected":false},"excerpt":{"rendered":"<p>C&rsquo;est hier que S\u00e9gol\u00e8ne Royal a donn\u00e9 sa vison de l&rsquo;Eruope. Et quelle vision ! Incontestablement elle prend de la hauteur et nous livre des analyses et des pens\u00e9es d&rsquo;une puissance rare. Jugez plut\u00f4t : A propos de l&rsquo;entr\u00e9e de la Turquie en Europe : &quot;mon opinion est celle du peuple fran\u00e7ais&quot; . Risible. Y&nbsp;<\/p>\n<p><a class=\"btn btn-style\" href=\"https:\/\/flavienneuvy.fr\/index.php\/2006\/10\/12\/leurope_selon_s\/\">Continuer la lecture&#8230;<\/a><\/p>\n","protected":false},"author":1,"featured_media":0,"comment_status":"open","ping_status":"closed","sticky":false,"template":"","format":"standard","meta":[],"categories":[1],"tags":[],"_links":{"self":[{"href":"https:\/\/flavienneuvy.fr\/index.php\/wp-json\/wp\/v2\/posts\/1422"}],"collection":[{"href":"https:\/\/flavienneuvy.fr\/index.php\/wp-json\/wp\/v2\/posts"}],"about":[{"href":"https:\/\/flavienneuvy.fr\/index.php\/wp-json\/wp\/v2\/types\/post"}],"author":[{"embeddable":true,"href":"https:\/\/flavienneuvy.fr\/index.php\/wp-json\/wp\/v2\/users\/1"}],"replies":[{"embeddable":true,"href":"https:\/\/flavienneuvy.fr\/index.php\/wp-json\/wp\/v2\/comments?post=1422"}],"version-history":[{"count":0,"href":"https:\/\/flavienneuvy.fr\/index.php\/wp-json\/wp\/v2\/posts\/1422\/revisions"}],"wp:attachment":[{"href":"https:\/\/flavienneuvy.fr\/index.php\/wp-json\/wp\/v2\/media?parent=1422"}],"wp:term":[{"taxonomy":"category","embeddable":true,"href":"https:\/\/flavienneuvy.fr\/index.php\/wp-json\/wp\/v2\/categories?post=1422"},{"taxonomy":"post_tag","embeddable":true,"href":"https:\/\/flavienneuvy.fr\/index.php\/wp-json\/wp\/v2\/tags?post=1422"}],"curies":[{"name":"wp","href":"https:\/\/api.w.org\/{rel}","templated":true}]}}