{"id":1425,"date":"2006-10-06T10:13:29","date_gmt":"2006-10-06T09:13:29","guid":{"rendered":"http:\/\/flavienneuvy.fr\/index.php\/2006\/10\/06\/ambiance_dltre\/"},"modified":"2006-10-06T10:13:29","modified_gmt":"2006-10-06T09:13:29","slug":"ambiance_dltre","status":"publish","type":"post","link":"https:\/\/flavienneuvy.fr\/index.php\/2006\/10\/06\/ambiance_dltre\/","title":{"rendered":"Ambiance d\u00e9l\u00e9t\u00e8re&#8230;."},"content":{"rendered":"<p><a onclick=\"window.open(this.href, '_blank', 'width=420,height=298,scrollbars=no,resizable=no,toolbar=no,directories=no,location=no,menubar=no,status=no,left=0,top=0'); return false\" href=\"http:\/\/cebazatpourdemain.neufblog.com\/.shared\/image.html?\/photos\/uncategorized\/logo_cebazat_2.jpg\"><img decoding=\"async\" loading=\"lazy\" title=\"Logo_cebazat_2\" height=\"70\" alt=\"Logo_cebazat_2\" src=\"http:\/\/cebazatpourdemain.neufblog.com\/cebazatpourdemain\/images\/logo_cebazat_2.jpg\" width=\"100\" border=\"0\" style=\"FLOAT: left; MARGIN: 0px 5px 5px 0px\" \/><\/a><\/p>\n<p>Tel est le constat \u00e9tabli par Chafia Mentalecheta lors d&rsquo;un entretien accord\u00e9 au magazine Modergnat du mois de septembre 2006 sur l&rsquo;ambiance qui r\u00e8gne au sein du PS puydomois. <\/p>\n<p>Pour m\u00e9moire Chafia Mentalecheta est la candidate malheureuse \u00e0 l&rsquo;investiture PS pour les prochaines l\u00e9gislatives sur la premi\u00e8re circonscription du Puy-de-D\u00f4me. Elle annonce m\u00eame son intention de cr\u00e9er sa propre liste aux prochaines municipales et attend donc d&rsquo;\u00eatre exclue du PS.<\/p>\n<p>Alors moi je ne sais pas ce qui se passe au PS mais je n&rsquo;ai aucune raison de na pas croire ce que dit madame Mentalecheta. Les luttes internes et les tensions semblent fortes&#8230;.Il faut se partager les postes, m\u00e9nager les susceptibilit\u00e9s&#8230;..bref c&rsquo;est ce qui arrive quand on est au pouvoir depuis trop longtemps. <\/p>\n<p>Je pense que le meilleur moyen d&rsquo;aider les socialistes \u00e0 se r\u00e9concilier, c&rsquo;est que nous gagnions les prochaines \u00e9l\u00e9ctions.<\/p>\n<p>Les campagnes approchent, on est pr\u00eat, on a envie d&rsquo;y aller et on va y aller.<\/p>\n<p>Flavien Neuvy le 06\/10\/2006<\/p>\n","protected":false},"excerpt":{"rendered":"<p>Tel est le constat \u00e9tabli par Chafia Mentalecheta lors d&rsquo;un entretien accord\u00e9 au magazine Modergnat du mois de septembre 2006 sur l&rsquo;ambiance qui r\u00e8gne au sein du PS puydomois. Pour m\u00e9moire Chafia Mentalecheta est la candidate malheureuse \u00e0 l&rsquo;investiture PS pour les prochaines l\u00e9gislatives sur la premi\u00e8re circonscription du Puy-de-D\u00f4me. Elle annonce m\u00eame son intention&nbsp;<\/p>\n<p><a class=\"btn btn-style\" href=\"https:\/\/flavienneuvy.fr\/index.php\/2006\/10\/06\/ambiance_dltre\/\">Continuer la lecture&#8230;<\/a><\/p>\n","protected":false},"author":1,"featured_media":0,"comment_status":"open","ping_status":"closed","sticky":false,"template":"","format":"standard","meta":[],"categories":[1],"tags":[],"_links":{"self":[{"href":"https:\/\/flavienneuvy.fr\/index.php\/wp-json\/wp\/v2\/posts\/1425"}],"collection":[{"href":"https:\/\/flavienneuvy.fr\/index.php\/wp-json\/wp\/v2\/posts"}],"about":[{"href":"https:\/\/flavienneuvy.fr\/index.php\/wp-json\/wp\/v2\/types\/post"}],"author":[{"embeddable":true,"href":"https:\/\/flavienneuvy.fr\/index.php\/wp-json\/wp\/v2\/users\/1"}],"replies":[{"embeddable":true,"href":"https:\/\/flavienneuvy.fr\/index.php\/wp-json\/wp\/v2\/comments?post=1425"}],"version-history":[{"count":0,"href":"https:\/\/flavienneuvy.fr\/index.php\/wp-json\/wp\/v2\/posts\/1425\/revisions"}],"wp:attachment":[{"href":"https:\/\/flavienneuvy.fr\/index.php\/wp-json\/wp\/v2\/media?parent=1425"}],"wp:term":[{"taxonomy":"category","embeddable":true,"href":"https:\/\/flavienneuvy.fr\/index.php\/wp-json\/wp\/v2\/categories?post=1425"},{"taxonomy":"post_tag","embeddable":true,"href":"https:\/\/flavienneuvy.fr\/index.php\/wp-json\/wp\/v2\/tags?post=1425"}],"curies":[{"name":"wp","href":"https:\/\/api.w.org\/{rel}","templated":true}]}}