{"id":1426,"date":"2006-10-03T10:18:15","date_gmt":"2006-10-03T09:18:15","guid":{"rendered":"http:\/\/flavienneuvy.fr\/index.php\/2006\/10\/03\/lauvergne_dcroc\/"},"modified":"2006-10-03T10:18:15","modified_gmt":"2006-10-03T09:18:15","slug":"lauvergne_dcroc","status":"publish","type":"post","link":"https:\/\/flavienneuvy.fr\/index.php\/2006\/10\/03\/lauvergne_dcroc\/","title":{"rendered":"L&rsquo;Auvergne d\u00e9croche,"},"content":{"rendered":"<p><a onclick=\"window.open(this.href, '_blank', 'width=420,height=298,scrollbars=no,resizable=no,toolbar=no,directories=no,location=no,menubar=no,status=no,left=0,top=0'); return false\" href=\"http:\/\/cebazatpourdemain.neufblog.com\/.shared\/image.html?\/photos\/uncategorized\/logo_cebazat_2.jpg\"><img decoding=\"async\" loading=\"lazy\" title=\"Logo_cebazat_2\" height=\"70\" alt=\"Logo_cebazat_2\" src=\"http:\/\/cebazatpourdemain.neufblog.com\/cebazatpourdemain\/images\/logo_cebazat_2.jpg\" width=\"100\" border=\"0\" style=\"FLOAT: left; MARGIN: 0px 5px 5px 0px\" \/><\/a><\/p>\n<p>Mauvaise nouvelle en provenance de la derni\u00e8re \u00e9tude de l&rsquo;Insee &quot; La France et ses r\u00e9gions&quot; <a href=\"http:\/\/www.insee.fr\/fr\/actualites\/actualites.asp\">lire ici<\/a>.<\/p>\n<p>Que nous dit cette \u00e9tude ? Cette \u00e9tude compare les taux de croissance enregistr\u00e9s par les diff\u00e9rentes r\u00e9gions entre 1999 et 2004. L&rsquo;Auvergne figure parmi les 3 r\u00e9gions les moins dynamiques de France avec un taux de croissance moyen tr\u00e8s inf\u00e9rieur \u00e0 la moyenne nationale. <\/p>\n<p>La croissance \u00e9conomique ne se d\u00e9cr\u00e8te pas mais le politique peut \u00eatre soit un frein \u00e0 la croissance soit un acc\u00e9l\u00e9rateur de croissance. Or la richesse cr\u00e9\u00e9e provient des entreprises, de leur implantation, de leur d\u00e9veloppement. <\/p>\n<p>Force est de constater que sur ce point l&rsquo;Auvergne, et surtout le Puy de D\u00f4me, ne sont pas de bons \u00e9l\u00e8ves. <\/p>\n<p>Le Conseil g\u00e9n\u00e9ral et le Conseil r\u00e9gionnal doivent avoir comme priorit\u00e9 absolue le d\u00e9veloppement \u00e9conomique de notre r\u00e9gion.<\/p>\n<p>Flavien Neuvy le 03\/10\/2006<\/p>\n","protected":false},"excerpt":{"rendered":"<p>Mauvaise nouvelle en provenance de la derni\u00e8re \u00e9tude de l&rsquo;Insee &quot; La France et ses r\u00e9gions&quot; lire ici. Que nous dit cette \u00e9tude ? Cette \u00e9tude compare les taux de croissance enregistr\u00e9s par les diff\u00e9rentes r\u00e9gions entre 1999 et 2004. L&rsquo;Auvergne figure parmi les 3 r\u00e9gions les moins dynamiques de France avec un taux de&nbsp;<\/p>\n<p><a class=\"btn btn-style\" href=\"https:\/\/flavienneuvy.fr\/index.php\/2006\/10\/03\/lauvergne_dcroc\/\">Continuer la lecture&#8230;<\/a><\/p>\n","protected":false},"author":1,"featured_media":0,"comment_status":"open","ping_status":"closed","sticky":false,"template":"","format":"standard","meta":[],"categories":[1],"tags":[],"_links":{"self":[{"href":"https:\/\/flavienneuvy.fr\/index.php\/wp-json\/wp\/v2\/posts\/1426"}],"collection":[{"href":"https:\/\/flavienneuvy.fr\/index.php\/wp-json\/wp\/v2\/posts"}],"about":[{"href":"https:\/\/flavienneuvy.fr\/index.php\/wp-json\/wp\/v2\/types\/post"}],"author":[{"embeddable":true,"href":"https:\/\/flavienneuvy.fr\/index.php\/wp-json\/wp\/v2\/users\/1"}],"replies":[{"embeddable":true,"href":"https:\/\/flavienneuvy.fr\/index.php\/wp-json\/wp\/v2\/comments?post=1426"}],"version-history":[{"count":0,"href":"https:\/\/flavienneuvy.fr\/index.php\/wp-json\/wp\/v2\/posts\/1426\/revisions"}],"wp:attachment":[{"href":"https:\/\/flavienneuvy.fr\/index.php\/wp-json\/wp\/v2\/media?parent=1426"}],"wp:term":[{"taxonomy":"category","embeddable":true,"href":"https:\/\/flavienneuvy.fr\/index.php\/wp-json\/wp\/v2\/categories?post=1426"},{"taxonomy":"post_tag","embeddable":true,"href":"https:\/\/flavienneuvy.fr\/index.php\/wp-json\/wp\/v2\/tags?post=1426"}],"curies":[{"name":"wp","href":"https:\/\/api.w.org\/{rel}","templated":true}]}}