{"id":1427,"date":"2006-09-30T17:46:32","date_gmt":"2006-09-30T16:46:32","guid":{"rendered":"http:\/\/flavienneuvy.fr\/index.php\/2006\/09\/30\/lincinrateur_de\/"},"modified":"2006-09-30T17:46:32","modified_gmt":"2006-09-30T16:46:32","slug":"lincinrateur_de","status":"publish","type":"post","link":"https:\/\/flavienneuvy.fr\/index.php\/2006\/09\/30\/lincinrateur_de\/","title":{"rendered":"L&rsquo;incin\u00e9rateur de Clermont,"},"content":{"rendered":"<p><a onclick=\"window.open(this.href, '_blank', 'width=800,height=600,scrollbars=no,resizable=no,toolbar=no,directories=no,location=no,menubar=no,status=no,left=0,top=0'); return false\" href=\"http:\/\/cebazatpourdemain.neufblog.com\/.shared\/image.html?\/photos\/uncategorized\/dsc04279.jpg\"><img decoding=\"async\" loading=\"lazy\" title=\"Dsc04279\" height=\"75\" alt=\"Dsc04279\" src=\"http:\/\/cebazatpourdemain.neufblog.com\/cebazatpourdemain\/images\/dsc04279.jpg\" width=\"100\" border=\"0\" style=\"FLOAT: left; MARGIN: 0px 5px 5px 0px\" \/><\/a><a onclick=\"window.open(this.href, '_blank', 'width=800,height=600,scrollbars=no,resizable=no,toolbar=no,directories=no,location=no,menubar=no,status=no,left=0,top=0'); return false\" href=\"http:\/\/cebazatpourdemain.neufblog.com\/.shared\/image.html?\/photos\/uncategorized\/dsc04275.jpg\"> <img decoding=\"async\" loading=\"lazy\" title=\"Dsc04275\" height=\"75\" alt=\"Dsc04275\" src=\"http:\/\/cebazatpourdemain.neufblog.com\/cebazatpourdemain\/images\/dsc04275.jpg\" width=\"100\" border=\"0\" style=\"FLOAT: left; MARGIN: 0px 5px 5px 0px\" \/><\/a> <a onclick=\"window.open(this.href, '_blank', 'width=800,height=600,scrollbars=no,resizable=no,toolbar=no,directories=no,location=no,menubar=no,status=no,left=0,top=0'); return false\" href=\"http:\/\/cebazatpourdemain.neufblog.com\/.shared\/image.html?\/photos\/uncategorized\/dsc04276.jpg\"><img decoding=\"async\" loading=\"lazy\" title=\"Dsc04276\" height=\"75\" alt=\"Dsc04276\" src=\"http:\/\/cebazatpourdemain.neufblog.com\/cebazatpourdemain\/images\/dsc04276.jpg\" width=\"100\" border=\"0\" style=\"FLOAT: left; MARGIN: 0px 5px 5px 0px\" \/><\/a> <\/p>\n<p>C&rsquo;est \u00e0 l&rsquo;appel du Collectif Contre l&rsquo;Implantation d&rsquo;un Incin\u00e9rateur \u00e0 Proximit\u00e9 de l&rsquo;Agglom\u00e9ration Clermontoise (CCIIPAC) qu&rsquo;environ un millier de manifestants ont brav\u00e9 la pluie ce samedi 30 septembre \u00e0 Clermont. Quelques tracteurs, quelques \u00e9lus ( en photo Odile Saugues et Alain N\u00e9ri ) et surtout une forte volont\u00e9 de faire capoter le projet.<\/p>\n<p>Alors que penser d&rsquo;un tel projet ? Pas facile d&rsquo;y voir clair en r\u00e9alit\u00e9 car le sujet est tr\u00e8s complexe. Entre les experts des uns et les \u00e9tudes scientifiques des autres on ne sait sur quel pied danser. <\/p>\n<p>Le traitement des d\u00e9chets repr\u00e9sente un enjeu majeur pour les ann\u00e9es \u00e0 venir et force est de constater que c&rsquo;est en amont que nous sommes tr\u00e8s en retard. Il faut aller beaucoup plus loin dans le tri s\u00e9lectif. C&rsquo;est \u00e0 la maison que le tri principal doit se faire. <\/p>\n<p>Le recyclage du verre est tr\u00e8s insuffisant faute de containers \u00e0 verre en nombre suffisants dans l&rsquo;agglom\u00e9ration (surtout \u00e0 C\u00e9bazat). Pourquoi ne pas mettre \u00e0 disposition un container ( format poubelles ) par lotissement comme cel\u00e0 se pratique dans bien des communes ( ex: St Etienne) ?&nbsp; <\/p>\n<p>C&rsquo;est aux parents d&rsquo;\u00eatre tr\u00e8s vigilants et de bien \u00e9duquer leurs enfants afin qu&rsquo;ils apprennent \u00e0 respecter la nature. <\/p>\n<p>Il faut absolument r\u00e9duire le poids de d\u00e9chets par habitant et par an. C&rsquo;est avec du temps et de la p\u00e9dagogie que les attitudes changeront.<\/p>\n<p>Pour revenir \u00e0 l&rsquo;incin\u00e9rateur, je ne suis pas s\u00fbr que ce soit la priorit\u00e9 des priorit\u00e9s en mati\u00e8re d&rsquo;environnement et de traitement des d\u00e9chets.<\/p>\n<p>Flavien Neuvy le 30\/09\/2006<\/p>\n","protected":false},"excerpt":{"rendered":"<p>C&rsquo;est \u00e0 l&rsquo;appel du Collectif Contre l&rsquo;Implantation d&rsquo;un Incin\u00e9rateur \u00e0 Proximit\u00e9 de l&rsquo;Agglom\u00e9ration Clermontoise (CCIIPAC) qu&rsquo;environ un millier de manifestants ont brav\u00e9 la pluie ce samedi 30 septembre \u00e0 Clermont. Quelques tracteurs, quelques \u00e9lus ( en photo Odile Saugues et Alain N\u00e9ri ) et surtout une forte volont\u00e9 de faire capoter le projet. Alors que&nbsp;<\/p>\n<p><a class=\"btn btn-style\" href=\"https:\/\/flavienneuvy.fr\/index.php\/2006\/09\/30\/lincinrateur_de\/\">Continuer la lecture&#8230;<\/a><\/p>\n","protected":false},"author":1,"featured_media":0,"comment_status":"open","ping_status":"closed","sticky":false,"template":"","format":"standard","meta":[],"categories":[1],"tags":[],"_links":{"self":[{"href":"https:\/\/flavienneuvy.fr\/index.php\/wp-json\/wp\/v2\/posts\/1427"}],"collection":[{"href":"https:\/\/flavienneuvy.fr\/index.php\/wp-json\/wp\/v2\/posts"}],"about":[{"href":"https:\/\/flavienneuvy.fr\/index.php\/wp-json\/wp\/v2\/types\/post"}],"author":[{"embeddable":true,"href":"https:\/\/flavienneuvy.fr\/index.php\/wp-json\/wp\/v2\/users\/1"}],"replies":[{"embeddable":true,"href":"https:\/\/flavienneuvy.fr\/index.php\/wp-json\/wp\/v2\/comments?post=1427"}],"version-history":[{"count":0,"href":"https:\/\/flavienneuvy.fr\/index.php\/wp-json\/wp\/v2\/posts\/1427\/revisions"}],"wp:attachment":[{"href":"https:\/\/flavienneuvy.fr\/index.php\/wp-json\/wp\/v2\/media?parent=1427"}],"wp:term":[{"taxonomy":"category","embeddable":true,"href":"https:\/\/flavienneuvy.fr\/index.php\/wp-json\/wp\/v2\/categories?post=1427"},{"taxonomy":"post_tag","embeddable":true,"href":"https:\/\/flavienneuvy.fr\/index.php\/wp-json\/wp\/v2\/tags?post=1427"}],"curies":[{"name":"wp","href":"https:\/\/api.w.org\/{rel}","templated":true}]}}