{"id":1429,"date":"2006-09-26T22:31:30","date_gmt":"2006-09-26T21:31:30","guid":{"rendered":"http:\/\/flavienneuvy.fr\/index.php\/2006\/09\/26\/manisfestation_\/"},"modified":"2006-09-26T22:31:30","modified_gmt":"2006-09-26T21:31:30","slug":"manisfestation_","status":"publish","type":"post","link":"https:\/\/flavienneuvy.fr\/index.php\/2006\/09\/26\/manisfestation_\/","title":{"rendered":"Manifestation mal vue ?"},"content":{"rendered":"<p><a onclick=\"window.open(this.href, '_blank', 'width=420,height=298,scrollbars=no,resizable=no,toolbar=no,directories=no,location=no,menubar=no,status=no,left=0,top=0'); return false\" href=\"http:\/\/cebazatpourdemain.neufblog.com\/.shared\/image.html?\/photos\/uncategorized\/logo_cebazat_2.jpg\"><img decoding=\"async\" loading=\"lazy\" title=\"Logo_cebazat_2\" height=\"70\" alt=\"Logo_cebazat_2\" src=\"http:\/\/cebazatpourdemain.neufblog.com\/cebazatpourdemain\/images\/logo_cebazat_2.jpg\" width=\"100\" border=\"0\" style=\"FLOAT: left; MARGIN: 0px 5px 5px 0px\" \/><\/a><\/p>\n<p>Vous avez s\u00fbrement vu toutes les affiches du CCIIPAC appelant \u00e0 une manisfestation contre l&rsquo;incin\u00e9rateur ce samedi \u00e0 15 heures devant le conseil g\u00e9n\u00e9ral \u00e0 Clermont. Celles-ci sont apparues ces derniers jours accroch\u00e9es aux feux de Clermont. <\/p>\n<p>Quelle ne fut pas ma surprise de voir cet apr\u00e8s-midi au carrefour des pistes une voiture de la ville de Clermont gar\u00e9e pr\u00e8s d&rsquo;un de ces feux et de voir son conducteur d\u00e9tacher les affiches du CCIIPAC&#8230;..<\/p>\n<p>Alors soudaine envie de voir le mobiler urbain propre ( ce serait une grande premi\u00e8re) ou manisfestation g\u00eanante ? J&rsquo;ajoute que les affiches de la &quot; f\u00eate des luttes et de la solidarit\u00e9 &quot; sont quant \u00e0 elles toujours en place !<\/p>\n<p>Bref, un grand succ\u00e8s de cette manifestation serait du plus mauvais effet pour tous ceux qui ont soutenu ce projet \u00e0 quelques mois d&rsquo;\u00e9lections locales importantes.<\/p>\n<p>Je reviendrai sur l&rsquo;incin\u00e9rateur dans un prochain article.<\/p>\n<p>Flavien Neuvy le 26\/09\/2006 <\/p>\n","protected":false},"excerpt":{"rendered":"<p>Vous avez s\u00fbrement vu toutes les affiches du CCIIPAC appelant \u00e0 une manisfestation contre l&rsquo;incin\u00e9rateur ce samedi \u00e0 15 heures devant le conseil g\u00e9n\u00e9ral \u00e0 Clermont. Celles-ci sont apparues ces derniers jours accroch\u00e9es aux feux de Clermont. Quelle ne fut pas ma surprise de voir cet apr\u00e8s-midi au carrefour des pistes une voiture de la&nbsp;<\/p>\n<p><a class=\"btn btn-style\" href=\"https:\/\/flavienneuvy.fr\/index.php\/2006\/09\/26\/manisfestation_\/\">Continuer la lecture&#8230;<\/a><\/p>\n","protected":false},"author":1,"featured_media":0,"comment_status":"open","ping_status":"closed","sticky":false,"template":"","format":"standard","meta":[],"categories":[1],"tags":[],"_links":{"self":[{"href":"https:\/\/flavienneuvy.fr\/index.php\/wp-json\/wp\/v2\/posts\/1429"}],"collection":[{"href":"https:\/\/flavienneuvy.fr\/index.php\/wp-json\/wp\/v2\/posts"}],"about":[{"href":"https:\/\/flavienneuvy.fr\/index.php\/wp-json\/wp\/v2\/types\/post"}],"author":[{"embeddable":true,"href":"https:\/\/flavienneuvy.fr\/index.php\/wp-json\/wp\/v2\/users\/1"}],"replies":[{"embeddable":true,"href":"https:\/\/flavienneuvy.fr\/index.php\/wp-json\/wp\/v2\/comments?post=1429"}],"version-history":[{"count":0,"href":"https:\/\/flavienneuvy.fr\/index.php\/wp-json\/wp\/v2\/posts\/1429\/revisions"}],"wp:attachment":[{"href":"https:\/\/flavienneuvy.fr\/index.php\/wp-json\/wp\/v2\/media?parent=1429"}],"wp:term":[{"taxonomy":"category","embeddable":true,"href":"https:\/\/flavienneuvy.fr\/index.php\/wp-json\/wp\/v2\/categories?post=1429"},{"taxonomy":"post_tag","embeddable":true,"href":"https:\/\/flavienneuvy.fr\/index.php\/wp-json\/wp\/v2\/tags?post=1429"}],"curies":[{"name":"wp","href":"https:\/\/api.w.org\/{rel}","templated":true}]}}