{"id":1436,"date":"2006-08-27T17:46:37","date_gmt":"2006-08-27T16:46:37","guid":{"rendered":"http:\/\/flavienneuvy.fr\/index.php\/2006\/08\/27\/la_distribution\/"},"modified":"2006-08-27T17:46:37","modified_gmt":"2006-08-27T16:46:37","slug":"la_distribution","status":"publish","type":"post","link":"https:\/\/flavienneuvy.fr\/index.php\/2006\/08\/27\/la_distribution\/","title":{"rendered":"La distribution de tracts continue."},"content":{"rendered":"<p><a onclick=\"window.open(this.href, '_blank', 'width=420,height=298,scrollbars=no,resizable=no,toolbar=no,directories=no,location=no,menubar=no,status=no,left=0,top=0'); return false\" href=\"http:\/\/cebazatpourdemain.neufblog.com\/.shared\/image.html?\/photos\/uncategorized\/logo_cebazat_2.jpg\"><img decoding=\"async\" loading=\"lazy\" title=\"Logo_cebazat_2\" height=\"70\" alt=\"Logo_cebazat_2\" src=\"http:\/\/cebazatpourdemain.neufblog.com\/cebazatpourdemain\/images\/logo_cebazat_2.jpg\" width=\"100\" border=\"0\" style=\"FLOAT: left; MARGIN: 0px 5px 5px 0px\" \/><\/a><\/p>\n<p>Au programme du jour une nouvelle distribution de tracts pour informer le maximun de C\u00e9bazaires qu&rsquo;aux prochaines \u00e9lections municipales ils auront enfin le choix. <\/p>\n<p>De quel choix s&rsquo;agit-il ? Ils devront choisir entre l&rsquo;\u00e9quipe en place ( depuis des d\u00e9c\u00e9nnies ) et une \u00e9quipe voulant donner un nouveau souffle \u00e0 notre ville.<\/p>\n<p>Lors de mes rencontres avec des C\u00e9bazaires on me pose souvent la question de savoir pourquoi , ni sur le tract ni sur le blog, je n&rsquo;\u00e9voque notre projet pour C\u00e9bazat. <\/p>\n<p>Cette question est l\u00e9gitime et je voudrais y apporter une r\u00e9ponse pr\u00e9cise. En r\u00e9alit\u00e9 il y a deux raisons \u00e0 cel\u00e0 : <\/p>\n<ul>\n<li>D&rsquo;abord nous sommes en phase de construction de notre projet puisque nous \u00e9coutons encore les attentes des C\u00e9bazaires.<\/li>\n<li> La deuxi\u00e8me raison est plus politique : si nous commen\u00e7ons \u00e0 divulguer les grandes lignes de notre projet, nous prenons le risque de voir nos id\u00e9es r\u00e9cup\u00e9r\u00e9es par l&rsquo;actuelle majorit\u00e9 municipale. Il est donc trop t\u00f4t mais rassurez-vous cel\u00e0 viendra en son temps.<\/li>\n<\/ul>\n<p>En attendant je vous souhaite \u00e0 tous une tr\u00e8s bonne rentr\u00e9e.<\/p>\n<p>Flavien Neuvy le 27\/08\/2006<\/p>\n","protected":false},"excerpt":{"rendered":"<p>Au programme du jour une nouvelle distribution de tracts pour informer le maximun de C\u00e9bazaires qu&rsquo;aux prochaines \u00e9lections municipales ils auront enfin le choix. De quel choix s&rsquo;agit-il ? Ils devront choisir entre l&rsquo;\u00e9quipe en place ( depuis des d\u00e9c\u00e9nnies ) et une \u00e9quipe voulant donner un nouveau souffle \u00e0 notre ville. Lors de mes&nbsp;<\/p>\n<p><a class=\"btn btn-style\" href=\"https:\/\/flavienneuvy.fr\/index.php\/2006\/08\/27\/la_distribution\/\">Continuer la lecture&#8230;<\/a><\/p>\n","protected":false},"author":1,"featured_media":0,"comment_status":"open","ping_status":"closed","sticky":false,"template":"","format":"standard","meta":[],"categories":[12],"tags":[],"_links":{"self":[{"href":"https:\/\/flavienneuvy.fr\/index.php\/wp-json\/wp\/v2\/posts\/1436"}],"collection":[{"href":"https:\/\/flavienneuvy.fr\/index.php\/wp-json\/wp\/v2\/posts"}],"about":[{"href":"https:\/\/flavienneuvy.fr\/index.php\/wp-json\/wp\/v2\/types\/post"}],"author":[{"embeddable":true,"href":"https:\/\/flavienneuvy.fr\/index.php\/wp-json\/wp\/v2\/users\/1"}],"replies":[{"embeddable":true,"href":"https:\/\/flavienneuvy.fr\/index.php\/wp-json\/wp\/v2\/comments?post=1436"}],"version-history":[{"count":0,"href":"https:\/\/flavienneuvy.fr\/index.php\/wp-json\/wp\/v2\/posts\/1436\/revisions"}],"wp:attachment":[{"href":"https:\/\/flavienneuvy.fr\/index.php\/wp-json\/wp\/v2\/media?parent=1436"}],"wp:term":[{"taxonomy":"category","embeddable":true,"href":"https:\/\/flavienneuvy.fr\/index.php\/wp-json\/wp\/v2\/categories?post=1436"},{"taxonomy":"post_tag","embeddable":true,"href":"https:\/\/flavienneuvy.fr\/index.php\/wp-json\/wp\/v2\/tags?post=1436"}],"curies":[{"name":"wp","href":"https:\/\/api.w.org\/{rel}","templated":true}]}}