{"id":1437,"date":"2006-08-25T20:59:26","date_gmt":"2006-08-25T19:59:26","guid":{"rendered":"http:\/\/flavienneuvy.fr\/index.php\/2006\/08\/25\/bravo\/"},"modified":"2006-08-25T20:59:26","modified_gmt":"2006-08-25T19:59:26","slug":"bravo","status":"publish","type":"post","link":"https:\/\/flavienneuvy.fr\/index.php\/2006\/08\/25\/bravo\/","title":{"rendered":"Bravo !"},"content":{"rendered":"<p><a onclick=\"window.open(this.href, '_blank', 'width=420,height=298,scrollbars=no,resizable=no,toolbar=no,directories=no,location=no,menubar=no,status=no,left=0,top=0'); return false\" href=\"http:\/\/cebazatpourdemain.neufblog.com\/.shared\/image.html?\/photos\/uncategorized\/logo_cebazat_2.jpg\"><img decoding=\"async\" loading=\"lazy\" title=\"Logo_cebazat_2\" height=\"70\" alt=\"Logo_cebazat_2\" src=\"http:\/\/cebazatpourdemain.neufblog.com\/cebazatpourdemain\/images\/logo_cebazat_2.jpg\" width=\"100\" border=\"0\" style=\"FLOAT: left; MARGIN: 0px 5px 5px 0px\" \/><\/a><\/p>\n<p>J&rsquo;\u00e9tais ce jeudi 24 ao\u00fbt au square Michel de l&rsquo;Hospital r\u00e9pondant ainsi \u00e0 l&rsquo;invitation de l&rsquo;association&nbsp; Clermont avant tout. Je n&rsquo;\u00e9tais pas retourn\u00e9 sur les lieux depuis le d\u00e9but de l&rsquo;\u00e9t\u00e9 et je dois dire que les travaux effectu\u00e9s par les services municipaux sont impressionnants. en effet, gr\u00e2ce \u00e0 l&rsquo;action m\u00e9diatique men\u00e9e par JP Brenas, le Maire a enfin pris en compte les r\u00e9clamations des riverains et a fait installer des barri\u00e8res qui devraient permettre au square de retrouver une certaine tranquilit\u00e9.<\/p>\n<p>Ce que je retiens de cette affaire c&rsquo;est l&rsquo;efficacit\u00e9 de l&rsquo;action. En un mot : BRAVO !<\/p>\n<p><a href=\"http:\/\/blog.clermont-avant-tout.fr\/\">http:\/\/blog.clermont-avant-tout.fr\/<\/a><\/p>\n<p>Flavien Neuvy le 25\/08\/2006<\/p>\n","protected":false},"excerpt":{"rendered":"<p>J&rsquo;\u00e9tais ce jeudi 24 ao\u00fbt au square Michel de l&rsquo;Hospital r\u00e9pondant ainsi \u00e0 l&rsquo;invitation de l&rsquo;association&nbsp; Clermont avant tout. Je n&rsquo;\u00e9tais pas retourn\u00e9 sur les lieux depuis le d\u00e9but de l&rsquo;\u00e9t\u00e9 et je dois dire que les travaux effectu\u00e9s par les services municipaux sont impressionnants. en effet, gr\u00e2ce \u00e0 l&rsquo;action m\u00e9diatique men\u00e9e par JP Brenas,&nbsp;<\/p>\n<p><a class=\"btn btn-style\" href=\"https:\/\/flavienneuvy.fr\/index.php\/2006\/08\/25\/bravo\/\">Continuer la lecture&#8230;<\/a><\/p>\n","protected":false},"author":1,"featured_media":0,"comment_status":"open","ping_status":"closed","sticky":false,"template":"","format":"standard","meta":[],"categories":[1],"tags":[],"_links":{"self":[{"href":"https:\/\/flavienneuvy.fr\/index.php\/wp-json\/wp\/v2\/posts\/1437"}],"collection":[{"href":"https:\/\/flavienneuvy.fr\/index.php\/wp-json\/wp\/v2\/posts"}],"about":[{"href":"https:\/\/flavienneuvy.fr\/index.php\/wp-json\/wp\/v2\/types\/post"}],"author":[{"embeddable":true,"href":"https:\/\/flavienneuvy.fr\/index.php\/wp-json\/wp\/v2\/users\/1"}],"replies":[{"embeddable":true,"href":"https:\/\/flavienneuvy.fr\/index.php\/wp-json\/wp\/v2\/comments?post=1437"}],"version-history":[{"count":0,"href":"https:\/\/flavienneuvy.fr\/index.php\/wp-json\/wp\/v2\/posts\/1437\/revisions"}],"wp:attachment":[{"href":"https:\/\/flavienneuvy.fr\/index.php\/wp-json\/wp\/v2\/media?parent=1437"}],"wp:term":[{"taxonomy":"category","embeddable":true,"href":"https:\/\/flavienneuvy.fr\/index.php\/wp-json\/wp\/v2\/categories?post=1437"},{"taxonomy":"post_tag","embeddable":true,"href":"https:\/\/flavienneuvy.fr\/index.php\/wp-json\/wp\/v2\/tags?post=1437"}],"curies":[{"name":"wp","href":"https:\/\/api.w.org\/{rel}","templated":true}]}}