{"id":1438,"date":"2006-08-22T22:50:51","date_gmt":"2006-08-22T21:50:51","guid":{"rendered":"http:\/\/flavienneuvy.fr\/index.php\/2006\/08\/22\/quelques_prcisi_1\/"},"modified":"2006-08-22T22:50:51","modified_gmt":"2006-08-22T21:50:51","slug":"quelques_prcisi_1","status":"publish","type":"post","link":"https:\/\/flavienneuvy.fr\/index.php\/2006\/08\/22\/quelques_prcisi_1\/","title":{"rendered":"Quelques pr\u00e9cisions pour les ressortissants de l&rsquo;union europ\u00e9enne"},"content":{"rendered":"<p class=\"MsoNormal\" style=\"MARGIN: 0cm 0cm 0pt; mso-margin-top-alt: auto; mso-margin-bottom-alt: auto\"><span face=\"Times New Roman\"><strong><u><span style=\"color: #669933;\">Inscription sur les listes \u00e9lectorales &#8211; Ressortissants europ\u00e9ens<\/span><\/u><\/strong><\/span><\/p>\n<p class=\"MsoNormal\" style=\"MARGIN: 0cm 0cm 0pt; mso-margin-top-alt: auto; mso-margin-bottom-alt: auto\"><span face=\"Times New Roman\"><strong><u><\/u><\/strong><\/span><\/p>\n<p class=\"MsoNormal\" style=\"MARGIN: 0cm 0cm 0pt; mso-margin-top-alt: auto; mso-margin-bottom-alt: auto\"><span face=\"Times New Roman\"><strong><u><\/u><\/strong><\/span><\/p>\n<p class=\"MsoNormal\" style=\"MARGIN: 0cm 0cm 0pt; mso-margin-top-alt: auto; mso-margin-bottom-alt: auto\"><span style=\"COLOR: black\"><span face=\"Times New Roman\">Les ressortissants europ\u00e9ens peuvent voter uniquement pour les \u00e9lections europ\u00e9ennes et municipales. De plus, ils doivent pr\u00e9senter une demande d&rsquo;inscription pour chacune de ces \u00e9lections : <\/span><\/span><\/p>\n<p class=\"MsoNormal\" style=\"MARGIN: 0cm 0cm 0pt; mso-margin-top-alt: auto; mso-margin-bottom-alt: auto\"><span style=\"COLOR: black\"><span face=\"Times New Roman\">&nbsp; &nbsp;&nbsp; &nbsp;&nbsp; &nbsp;&nbsp; &#8211; inscription sur liste \u00e9lectorale compl\u00e9mentaire relative aux \u00e9lections au Parlement Europ\u00e9en <\/span><\/span><\/p>\n<p class=\"MsoNormal\" style=\"MARGIN: 0cm 0cm 0pt; mso-margin-top-alt: auto; mso-margin-bottom-alt: auto\"><span style=\"COLOR: black\"><span face=\"Times New Roman\">&nbsp; &nbsp;&nbsp; &nbsp;&nbsp; &nbsp;&nbsp; &#8211; inscription sur la liste \u00e9lectorale compl\u00e9mentaire relative aux \u00e9lections municipales. <\/span><\/span><\/p>\n<p class=\"MsoNormal\" style=\"MARGIN: 0cm 0cm 0pt; mso-margin-top-alt: auto; mso-margin-bottom-alt: auto\">\n<p class=\"MsoNormal\" style=\"MARGIN: 0cm 0cm 0pt; mso-margin-top-alt: auto; mso-margin-bottom-alt: auto\">\n<p class=\"MsoNormal\" style=\"MARGIN: 0cm 0cm 0pt; mso-margin-top-alt: auto; mso-margin-bottom-alt: auto\">\n<p class=\"MsoNormal\" style=\"MARGIN: 0cm 0cm 0pt; mso-margin-top-alt: auto; mso-margin-bottom-alt: auto\"><span face=\"Times New Roman\"><strong><u><span style=\"COLOR: black\">Conditions \u00e0 remplir :<\/span><\/u><\/strong><\/span><\/p>\n<p class=\"MsoNormal\" style=\"MARGIN: 0cm 0cm 0pt; mso-margin-top-alt: auto; mso-margin-bottom-alt: auto\"><span face=\"Times New Roman\"><strong><u><\/u><\/strong><\/span><\/p>\n<p class=\"MsoNormal\" style=\"MARGIN: 0cm 0cm 0pt; mso-margin-top-alt: auto; mso-margin-bottom-alt: auto\"><span face=\"Times New Roman\"><strong><u><\/u><\/strong><\/span><\/p>\n<p class=\"MsoNormal\" style=\"MARGIN: 0cm 0cm 0pt; mso-margin-top-alt: auto; mso-margin-bottom-alt: auto\"><span face=\"Times New Roman\"><span style=\"COLOR: black\">&nbsp; &nbsp;&nbsp; &nbsp;&nbsp; &nbsp;&nbsp; &#8211;<\/span><span style=\"color: #3333ff;\"> \u00eatre majeur<\/span><span style=\"COLOR: black\">, au plus tard au dernier jour de f\u00e9vrier de l&rsquo;ann\u00e9e qui suit ; <\/span><\/span><\/p>\n<p class=\"MsoNormal\" style=\"MARGIN: 0cm 0cm 0pt; mso-margin-top-alt: auto; mso-margin-bottom-alt: auto\"><span face=\"Times New Roman\"><span style=\"COLOR: black\">&nbsp; &nbsp;&nbsp; &nbsp;&nbsp; &nbsp;&nbsp; &#8211;<\/span><span style=\"color: #3333ff;\"> avoir la nationalit\u00e9 <\/span><span style=\"COLOR: black\">d&rsquo;un des \u00e9tats de l&rsquo;Union europ\u00e9enne autre que la France ; <\/span><\/span><\/p>\n<p class=\"MsoNormal\" style=\"MARGIN: 0cm 0cm 0pt; mso-margin-top-alt: auto; mso-margin-bottom-alt: auto\"><span face=\"Times New Roman\"><span style=\"COLOR: black\">&nbsp; &nbsp;&nbsp; &nbsp;&nbsp; &nbsp;&nbsp; &#8211; <\/span><span style=\"color: #3333ff;\">jouir de ses droits civiques <\/span><span style=\"COLOR: black\">; <\/span><\/span><\/p>\n<p class=\"MsoNormal\" style=\"MARGIN: 0cm 0cm 0pt; mso-margin-top-alt: auto; mso-margin-bottom-alt: auto\"><span face=\"Times New Roman\"><span style=\"COLOR: black\">&nbsp; &nbsp;&nbsp; &nbsp;&nbsp; &nbsp;&nbsp; &#8211; formuler une <\/span><span style=\"color: #3333ff;\">d\u00e9claration sp\u00e9cifique<\/span><span style=\"COLOR: black\">, en vue de figurer soit sur la liste \u00e9lectorale  &nbsp; &nbsp;&nbsp; &nbsp;&nbsp; &nbsp;&nbsp; &nbsp;&nbsp; compl\u00e9mentaire relative aux \u00e9lections au Parlement Europ\u00e9en, soit sur celle relative aux &nbsp; &nbsp;&nbsp; &nbsp;&nbsp; &nbsp;&nbsp; &nbsp;&nbsp; \u00e9lections municipales. <\/span><\/span><\/p>\n<p><span face=\"Times New Roman\"><strong><span style=\"COLOR: black\">&nbsp; &nbsp;&nbsp; &nbsp;<\/span><span style=\"color: #3333ff;\">&nbsp; Cette d\u00e9claration \u00e9crite<\/span><\/strong><span style=\"COLOR: black\"> mentionnant les \u00e9l\u00e9ments suivants : <\/span><\/span><\/p>\n<p><span face=\"Times New Roman\"><span style=\"COLOR: black\">&nbsp; &nbsp;&nbsp; &nbsp;&nbsp; <\/span><span style=\"color: #3333ff;\">&#8211; <\/span><span style=\"color: #00cc99;\">Pour les \u00e9lections au Parlement europ\u00e9en :<\/span><span style=\"COLOR: black\"> <\/span><\/span><\/p>\n<p><span style=\"COLOR: black\"><span face=\"Times New Roman\">&nbsp; &nbsp;&nbsp; &nbsp;&nbsp; &#8211; sa nationalit\u00e9 <br \/>&nbsp; &nbsp;&nbsp; &nbsp;&nbsp; &#8211; son adresse sur le territoire de la R\u00e9publique <br \/>&nbsp; &nbsp;&nbsp; &nbsp;&nbsp; &#8211; qu&rsquo;il n&rsquo;a pas \u00e9t\u00e9 d\u00e9chu du droit de vote dans l&rsquo;Etat dont il est ressortissant <br \/>&nbsp; &nbsp;&nbsp; &nbsp;&nbsp; &#8211; qu&rsquo;il n&rsquo;exercera son droit qu&rsquo;en France <\/span><\/span><\/p>\n<p class=\"MsoNormal\" style=\"MARGIN: 0cm 0cm 0pt; mso-margin-top-alt: auto; mso-margin-bottom-alt: auto\"><span face=\"Times New Roman\"><span style=\"COLOR: black\">&nbsp; &nbsp;&nbsp; &nbsp;&nbsp; &#8211;<\/span><span style=\"color: #3333ff;\"> <\/span><span style=\"color: #00cc99;\">Pour les \u00e9lections municipales :<\/span><span style=\"color: #3333ff;\"> <\/span><\/span><span style=\"COLOR: black\"><br \/><span face=\"Times New Roman\">&nbsp; &nbsp;&nbsp; &nbsp;&nbsp; &#8211; sa nationalit\u00e9 <br \/>&nbsp; &nbsp;&nbsp; &nbsp;&nbsp; &#8211; son adresse sur le territoire de la r\u00e9publique <br \/>&nbsp; &nbsp;&nbsp; &nbsp;&nbsp; &#8211; qu&rsquo;il n&rsquo;a pas \u00e9t\u00e9 d\u00e9chu du droit de vote dans l&rsquo;Etat dont il est ressortissant<\/span><\/span><\/p>\n<p class=\"MsoNormal\" style=\"MARGIN: 0cm 0cm 0pt; mso-margin-top-alt: auto; mso-margin-bottom-alt: auto\"><span style=\"COLOR: black\"><br \/><span face=\"Times New Roman\">&nbsp; <strong><u>&#8211; justifier :<\/u><\/strong> <\/span><\/span><\/p>\n<p class=\"MsoNormal\" style=\"MARGIN: 0cm 0cm 0pt; mso-margin-top-alt: auto; mso-margin-bottom-alt: auto\"><span style=\"COLOR: black\"><span face=\"Times New Roman\">&nbsp; &nbsp;&nbsp; &nbsp;&nbsp; &nbsp;&nbsp; &nbsp;&nbsp; &nbsp;&nbsp; &nbsp;&nbsp; &nbsp;&nbsp; &#8211; soit de son domicile dans la commune <\/span><\/span><\/p>\n<p class=\"MsoNormal\" style=\"MARGIN: 0cm 0cm 0pt; mso-margin-top-alt: auto; mso-margin-bottom-alt: auto\"><span style=\"COLOR: black\"><span face=\"Times New Roman\">&nbsp; &nbsp;&nbsp; &nbsp;&nbsp; &nbsp;&nbsp; &nbsp;&nbsp; &nbsp;&nbsp; &nbsp;&nbsp; &nbsp;&nbsp; &#8211; soit de sa r\u00e9sidence dans la commune depuis 6 mois <\/span><\/span><\/p>\n<p class=\"MsoNormal\" style=\"MARGIN: 0cm 0cm 0pt; mso-margin-top-alt: auto; mso-margin-bottom-alt: auto\"><span style=\"COLOR: black\"><span face=\"Times New Roman\">&nbsp; &nbsp;&nbsp; &nbsp;&nbsp; &nbsp;&nbsp; &nbsp;&nbsp; &nbsp;&nbsp; &nbsp;&nbsp; &nbsp;&nbsp; &#8211; soit de sa qualit\u00e9 de contribuable aux imp\u00f4ts locaux depuis 5 ans <\/span><\/span><\/p>\n<p class=\"MsoNormal\" style=\"MARGIN: 0cm 0cm 0pt; mso-margin-top-alt: auto; mso-margin-bottom-alt: auto\"><span style=\"COLOR: black\"><\/span><\/p>\n<p class=\"MsoNormal\" style=\"MARGIN: 0cm 0cm 0pt; mso-margin-top-alt: auto; mso-margin-bottom-alt: auto\">\n<p class=\"MsoNormal\" style=\"MARGIN: 0cm 0cm 0pt; mso-margin-top-alt: auto; mso-margin-bottom-alt: auto\">\n<p class=\"MsoNormal\" style=\"MARGIN: 0cm 0cm 0pt; mso-margin-top-alt: auto; mso-margin-bottom-alt: auto\"><strong><u><span style=\"COLOR: black\"><span face=\"Times New Roman\">Pi\u00e8ces \u00e0 fournir :<\/span><\/span><\/u><\/strong><\/p>\n<p class=\"MsoNormal\" style=\"MARGIN: 0cm 0cm 0pt; mso-margin-top-alt: auto; mso-margin-bottom-alt: auto\"><strong><u><span style=\"COLOR: black\"><\/span><\/u><\/strong><\/p>\n<p class=\"MsoNormal\" style=\"MARGIN: 0cm 0cm 0pt; mso-margin-top-alt: auto; mso-margin-bottom-alt: auto\"><strong><u><\/u><\/strong><\/p>\n<p class=\"MsoNormal\" style=\"MARGIN: 0cm 0cm 0pt; mso-margin-top-alt: auto; mso-margin-bottom-alt: auto\"><span style=\"COLOR: black\"><span face=\"Times New Roman\">&#8211; un document justificatif de l&rsquo;identit\u00e9 et de la nationalit\u00e9 : <\/span><\/span><\/p>\n<p class=\"MsoNormal\" style=\"MARGIN: 0cm 0cm 0pt; mso-margin-top-alt: auto; mso-margin-bottom-alt: auto\"><span style=\"COLOR: black\"><span face=\"Times New Roman\">&#8211; justificatif d&rsquo;identit\u00e9 et de nationalit\u00e9 de l&rsquo;\u00e9tat de l&rsquo;Union europ\u00e9enne dont ils sont ressortissants (carte de s\u00e9jour). <\/span><\/span><\/p>\n<p class=\"MsoNormal\" style=\"MARGIN: 0cm 0cm 0pt; mso-margin-top-alt: auto; mso-margin-bottom-alt: auto\"><span style=\"COLOR: black\"><span face=\"Times New Roman\">&#8211; un justificatif r\u00e9cent et personnel de domicile <\/span><\/span><\/p>\n<p class=\"MsoNormal\" style=\"MARGIN: 0cm 0cm 0pt; mso-margin-top-alt: auto; mso-margin-bottom-alt: auto\"><span style=\"COLOR: black\"><\/span><\/p>\n<p class=\"MsoNormal\" style=\"MARGIN: 0cm 0cm 0pt; mso-margin-top-alt: auto; mso-margin-bottom-alt: auto\">\n<p class=\"MsoNormal\" style=\"MARGIN: 0cm 0cm 0pt; mso-margin-top-alt: auto; mso-margin-bottom-alt: auto\">\n<p class=\"MsoNormal\" style=\"MARGIN: 0cm 0cm 0pt; mso-margin-top-alt: auto; mso-margin-bottom-alt: auto\"><span style=\"COLOR: black\"><span face=\"Times New Roman\">Flavien Neuvy le 22\/08\/2006<\/span><\/span><\/p>\n","protected":false},"excerpt":{"rendered":"<p>Inscription sur les listes \u00e9lectorales &#8211; Ressortissants europ\u00e9ens Les ressortissants europ\u00e9ens peuvent voter uniquement pour les \u00e9lections europ\u00e9ennes et municipales. De plus, ils doivent pr\u00e9senter une demande d&rsquo;inscription pour chacune de ces \u00e9lections : &nbsp; &nbsp;&nbsp; &nbsp;&nbsp; &nbsp;&nbsp; &#8211; inscription sur liste \u00e9lectorale compl\u00e9mentaire relative aux \u00e9lections au Parlement Europ\u00e9en &nbsp; &nbsp;&nbsp; &nbsp;&nbsp; &nbsp;&nbsp; &#8211;&nbsp;<\/p>\n<p><a class=\"btn btn-style\" href=\"https:\/\/flavienneuvy.fr\/index.php\/2006\/08\/22\/quelques_prcisi_1\/\">Continuer la lecture&#8230;<\/a><\/p>\n","protected":false},"author":1,"featured_media":0,"comment_status":"open","ping_status":"closed","sticky":false,"template":"","format":"standard","meta":[],"categories":[1],"tags":[],"_links":{"self":[{"href":"https:\/\/flavienneuvy.fr\/index.php\/wp-json\/wp\/v2\/posts\/1438"}],"collection":[{"href":"https:\/\/flavienneuvy.fr\/index.php\/wp-json\/wp\/v2\/posts"}],"about":[{"href":"https:\/\/flavienneuvy.fr\/index.php\/wp-json\/wp\/v2\/types\/post"}],"author":[{"embeddable":true,"href":"https:\/\/flavienneuvy.fr\/index.php\/wp-json\/wp\/v2\/users\/1"}],"replies":[{"embeddable":true,"href":"https:\/\/flavienneuvy.fr\/index.php\/wp-json\/wp\/v2\/comments?post=1438"}],"version-history":[{"count":0,"href":"https:\/\/flavienneuvy.fr\/index.php\/wp-json\/wp\/v2\/posts\/1438\/revisions"}],"wp:attachment":[{"href":"https:\/\/flavienneuvy.fr\/index.php\/wp-json\/wp\/v2\/media?parent=1438"}],"wp:term":[{"taxonomy":"category","embeddable":true,"href":"https:\/\/flavienneuvy.fr\/index.php\/wp-json\/wp\/v2\/categories?post=1438"},{"taxonomy":"post_tag","embeddable":true,"href":"https:\/\/flavienneuvy.fr\/index.php\/wp-json\/wp\/v2\/tags?post=1438"}],"curies":[{"name":"wp","href":"https:\/\/api.w.org\/{rel}","templated":true}]}}