{"id":1440,"date":"2006-08-18T18:43:00","date_gmt":"2006-08-18T17:43:00","guid":{"rendered":"http:\/\/flavienneuvy.fr\/index.php\/2006\/08\/18\/les_retraites_s\/"},"modified":"2006-08-18T18:43:00","modified_gmt":"2006-08-18T17:43:00","slug":"les_retraites_s","status":"publish","type":"post","link":"https:\/\/flavienneuvy.fr\/index.php\/2006\/08\/18\/les_retraites_s\/","title":{"rendered":"Les retraites suite&#8230;."},"content":{"rendered":"<p><a onclick=\"window.open(this.href, '_blank', 'width=420,height=298,scrollbars=no,resizable=no,toolbar=no,directories=no,location=no,menubar=no,status=no,left=0,top=0'); return false\" href=\"http:\/\/cebazatpourdemain.neufblog.com\/.shared\/image.html?\/photos\/uncategorized\/logo_cebazat_2.jpg\"><img decoding=\"async\" loading=\"lazy\" title=\"Logo_cebazat_2\" height=\"70\" alt=\"Logo_cebazat_2\" src=\"http:\/\/cebazatpourdemain.neufblog.com\/cebazatpourdemain\/images\/logo_cebazat_2.jpg\" width=\"100\" border=\"0\" style=\"FLOAT: left; MARGIN: 0px 5px 5px 0px\" \/><\/a>Je postais le 08 ao\u00fbt dernier un article intitul\u00e9 :&nbsp; &nbsp;&quot; Les retraites, le courage de dire la v\u00e9rit\u00e9&quot;. Quelle ne f\u00fbt pas ma surprise hier en d\u00e9couvrant dans la Tribune du 17 ao\u00fbt une interview de Dani\u00e8le Karniewicz ( Pr\u00e9sidente de la Caisse Nationale d&rsquo;Assurance Vieilesse) dont le titre est &quot; Il faut avoir le courage de dire : cotisez plus, travaillez plus longtemps&quot;.<\/p>\n<p>Je le redis ( et Madame Karniewicz ne dit pas autre chose) : nous n&rsquo;aurons pas le choix il faut travailler plus et plus longtemps pour \u00e9viter \u00e0 notre syst\u00e8me la faillite. <\/p>\n<p>Le probl\u00e8me du moment c&rsquo;est qu&rsquo;\u00e0 droite comme \u00e0 gauche, ce th\u00e8me semble compl\u00e8tement \u00e9cart\u00e9 de la campagne pr\u00e9sidentielle naissante. Comme si les fran\u00e7ais n&rsquo;\u00e9taient pas capables de comprendre que l&rsquo;allongement de l&rsquo;esp\u00e9rance de vie va de pair avec l&rsquo;allongement de la dur\u00e9e du travail.<\/p>\n<p>Ah j&rsquo;oubliais !! les socialistes ont \u00e9voqu\u00e9 les retraites dans leur projet pr\u00e9sidentiel pour dire qu&rsquo;en cas de victoire en 2007 ils abrogeraient les lois Fillon&#8230;&#8230;Vous avez dit irresponsables et d\u00e9magos ?<\/p>\n<p>Flavien Neuvy le 18\/08\/2006<\/p>\n","protected":false},"excerpt":{"rendered":"<p>Je postais le 08 ao\u00fbt dernier un article intitul\u00e9 :&nbsp; &nbsp;&quot; Les retraites, le courage de dire la v\u00e9rit\u00e9&quot;. Quelle ne f\u00fbt pas ma surprise hier en d\u00e9couvrant dans la Tribune du 17 ao\u00fbt une interview de Dani\u00e8le Karniewicz ( Pr\u00e9sidente de la Caisse Nationale d&rsquo;Assurance Vieilesse) dont le titre est &quot; Il faut avoir&nbsp;<\/p>\n<p><a class=\"btn btn-style\" href=\"https:\/\/flavienneuvy.fr\/index.php\/2006\/08\/18\/les_retraites_s\/\">Continuer la lecture&#8230;<\/a><\/p>\n","protected":false},"author":1,"featured_media":0,"comment_status":"open","ping_status":"closed","sticky":false,"template":"","format":"standard","meta":[],"categories":[1],"tags":[],"_links":{"self":[{"href":"https:\/\/flavienneuvy.fr\/index.php\/wp-json\/wp\/v2\/posts\/1440"}],"collection":[{"href":"https:\/\/flavienneuvy.fr\/index.php\/wp-json\/wp\/v2\/posts"}],"about":[{"href":"https:\/\/flavienneuvy.fr\/index.php\/wp-json\/wp\/v2\/types\/post"}],"author":[{"embeddable":true,"href":"https:\/\/flavienneuvy.fr\/index.php\/wp-json\/wp\/v2\/users\/1"}],"replies":[{"embeddable":true,"href":"https:\/\/flavienneuvy.fr\/index.php\/wp-json\/wp\/v2\/comments?post=1440"}],"version-history":[{"count":0,"href":"https:\/\/flavienneuvy.fr\/index.php\/wp-json\/wp\/v2\/posts\/1440\/revisions"}],"wp:attachment":[{"href":"https:\/\/flavienneuvy.fr\/index.php\/wp-json\/wp\/v2\/media?parent=1440"}],"wp:term":[{"taxonomy":"category","embeddable":true,"href":"https:\/\/flavienneuvy.fr\/index.php\/wp-json\/wp\/v2\/categories?post=1440"},{"taxonomy":"post_tag","embeddable":true,"href":"https:\/\/flavienneuvy.fr\/index.php\/wp-json\/wp\/v2\/tags?post=1440"}],"curies":[{"name":"wp","href":"https:\/\/api.w.org\/{rel}","templated":true}]}}