{"id":1444,"date":"2006-07-29T22:01:39","date_gmt":"2006-07-29T21:01:39","guid":{"rendered":"http:\/\/flavienneuvy.fr\/index.php\/2006\/07\/29\/election_prside\/"},"modified":"2006-07-29T22:01:39","modified_gmt":"2006-07-29T21:01:39","slug":"election_prside","status":"publish","type":"post","link":"https:\/\/flavienneuvy.fr\/index.php\/2006\/07\/29\/election_prside\/","title":{"rendered":"Election pr\u00e9sidentielle 2007"},"content":{"rendered":"<h1><span style=\"font-size: 0.8em;\"><em>Jour J-267.<\/em><\/span><\/h1>\n<p>La date de l&rsquo;\u00e9lection la plus importante de notre R\u00e9publique approche \u00e0 grands pas. Nous sommes au creux de l&rsquo;\u00e9t\u00e9 et l&rsquo;actualit\u00e9 politique de notre pays est en sommeil. Pas pour longtemps que l&rsquo;on se rassure. Les universit\u00e9s d&rsquo;\u00e9t\u00e9 de tous les partis vont se d\u00e9rouler fin ao\u00fbt. Celles-ci sonnent la rentr\u00e9e politique. Cette rentr\u00e9e politique sera chaude, et je ne parle l\u00e0 m\u00eame pas des dossiers \u00e9pineux que le gouvernement de Dominique de Villepin aura \u00e0 traiter d&rsquo;ici la fin de l&rsquo;ann\u00e9e ( exemple : la fusion GDF \/ SUEZ). <\/p>\n<p>En effet, nous conna\u00eetrons \u00e0 l&rsquo;automne le candidat socialiste. A ce moment l\u00e0, la campagne sera lanc\u00e9e alors m\u00eame que l&rsquo;UMP ne d\u00e9signera son candidat qu&rsquo;en janvier 2007.<\/p>\n<p>Viendra alors le temps de la campagne officielle avec les meetings et tout le c\u00f4t\u00e9 magique d&rsquo;une campagne. J&rsquo;esp\u00e8re que celle-ci sera l&rsquo;occasion pour les uns et les autres de d\u00e9fendre avec conviction les valeurs de sa famille politique. <\/p>\n<p>Je pense qu&rsquo;en tout \u00e9tat de cause le second tour opposera sans surprise le candidat de l&rsquo;UMP et le candidat du Parti Socialiste. Je pense m\u00eame que le r\u00e9sultat sera le plus serr\u00e9 de la V \u00e8me r\u00e9publique. Nous esp\u00e8rons bien s\u00fbr que Nicolas Sarkozy en sortira vainqueur mais encore une fois cel\u00e0 va se jouer \u00e0 quelques milliers de voix. <\/p>\n<p>Pour notre association cette campagne, avec celle des l\u00e9gislatives, sera l&rsquo;occasion de faire avancer notre propre campagne qui elle aussi se rapproche.<\/p>\n<p>Flavien Neuvy le 29 juillet 2007<\/p>\n","protected":false},"excerpt":{"rendered":"<p>Jour J-267. La date de l&rsquo;\u00e9lection la plus importante de notre R\u00e9publique approche \u00e0 grands pas. Nous sommes au creux de l&rsquo;\u00e9t\u00e9 et l&rsquo;actualit\u00e9 politique de notre pays est en sommeil. Pas pour longtemps que l&rsquo;on se rassure. Les universit\u00e9s d&rsquo;\u00e9t\u00e9 de tous les partis vont se d\u00e9rouler fin ao\u00fbt. Celles-ci sonnent la rentr\u00e9e politique.&nbsp;<\/p>\n<p><a class=\"btn btn-style\" href=\"https:\/\/flavienneuvy.fr\/index.php\/2006\/07\/29\/election_prside\/\">Continuer la lecture&#8230;<\/a><\/p>\n","protected":false},"author":1,"featured_media":0,"comment_status":"open","ping_status":"closed","sticky":false,"template":"","format":"standard","meta":[],"categories":[4],"tags":[],"_links":{"self":[{"href":"https:\/\/flavienneuvy.fr\/index.php\/wp-json\/wp\/v2\/posts\/1444"}],"collection":[{"href":"https:\/\/flavienneuvy.fr\/index.php\/wp-json\/wp\/v2\/posts"}],"about":[{"href":"https:\/\/flavienneuvy.fr\/index.php\/wp-json\/wp\/v2\/types\/post"}],"author":[{"embeddable":true,"href":"https:\/\/flavienneuvy.fr\/index.php\/wp-json\/wp\/v2\/users\/1"}],"replies":[{"embeddable":true,"href":"https:\/\/flavienneuvy.fr\/index.php\/wp-json\/wp\/v2\/comments?post=1444"}],"version-history":[{"count":0,"href":"https:\/\/flavienneuvy.fr\/index.php\/wp-json\/wp\/v2\/posts\/1444\/revisions"}],"wp:attachment":[{"href":"https:\/\/flavienneuvy.fr\/index.php\/wp-json\/wp\/v2\/media?parent=1444"}],"wp:term":[{"taxonomy":"category","embeddable":true,"href":"https:\/\/flavienneuvy.fr\/index.php\/wp-json\/wp\/v2\/categories?post=1444"},{"taxonomy":"post_tag","embeddable":true,"href":"https:\/\/flavienneuvy.fr\/index.php\/wp-json\/wp\/v2\/tags?post=1444"}],"curies":[{"name":"wp","href":"https:\/\/api.w.org\/{rel}","templated":true}]}}