{"id":1447,"date":"2006-07-06T17:12:49","date_gmt":"2006-07-06T16:12:49","guid":{"rendered":"http:\/\/flavienneuvy.fr\/index.php\/2006\/07\/06\/les_vacances\/"},"modified":"2006-07-06T17:12:49","modified_gmt":"2006-07-06T16:12:49","slug":"les_vacances","status":"publish","type":"post","link":"https:\/\/flavienneuvy.fr\/index.php\/2006\/07\/06\/les_vacances\/","title":{"rendered":"Les vacances,"},"content":{"rendered":"<p>Voici venu le temps des vacances. C&rsquo;est pour moi l&rsquo;occasion de partir quelques jours dans le Var en famille. L&rsquo;occasion aussi de revoir des amis que j&rsquo;ai h\u00e2te de retrouver.<\/p>\n<p>Mais voici \u00e9galement venu le temps des rires et des chants. Je veux bien s\u00fbr parler de l&rsquo;euphorie li\u00e9e \u00e0 la coupe du monde. Seul le football peut susciter un tel engouement populaire. Des centaines de milliers de personnes dans les rues pour faire la f\u00eate c&rsquo;est exceptionnel. On en viendrait presque \u00e0 oublier les querelles politiciennes en vue des prochaines \u00e9lections pr\u00e9sidentielles ! Il faut le faire compte tenu des ambitions des uns et des autres pr\u00eats \u00e0 tout pour devenir Pr\u00e9sident de la R\u00e9publique.<\/p>\n<p>Le blog va donc logiquement \u00eatre en sommeil pour une quinzaine de jours. Je serai de nouveau en action d\u00e8s la fin de ce mois.&nbsp; <\/p>\n<p>Les actions de rentr\u00e9e se pr\u00e9cisent mais il est encore trop t\u00f4t pour en parler. <\/p>\n<p>De tr\u00e8s bonnes vacances \u00e0 tous.<\/p>\n<p>Flavien Neuvy le 06 juillet 2006<\/p>\n","protected":false},"excerpt":{"rendered":"<p>Voici venu le temps des vacances. C&rsquo;est pour moi l&rsquo;occasion de partir quelques jours dans le Var en famille. L&rsquo;occasion aussi de revoir des amis que j&rsquo;ai h\u00e2te de retrouver. Mais voici \u00e9galement venu le temps des rires et des chants. Je veux bien s\u00fbr parler de l&rsquo;euphorie li\u00e9e \u00e0 la coupe du monde. Seul&nbsp;<\/p>\n<p><a class=\"btn btn-style\" href=\"https:\/\/flavienneuvy.fr\/index.php\/2006\/07\/06\/les_vacances\/\">Continuer la lecture&#8230;<\/a><\/p>\n","protected":false},"author":1,"featured_media":0,"comment_status":"open","ping_status":"closed","sticky":false,"template":"","format":"standard","meta":[],"categories":[1],"tags":[],"_links":{"self":[{"href":"https:\/\/flavienneuvy.fr\/index.php\/wp-json\/wp\/v2\/posts\/1447"}],"collection":[{"href":"https:\/\/flavienneuvy.fr\/index.php\/wp-json\/wp\/v2\/posts"}],"about":[{"href":"https:\/\/flavienneuvy.fr\/index.php\/wp-json\/wp\/v2\/types\/post"}],"author":[{"embeddable":true,"href":"https:\/\/flavienneuvy.fr\/index.php\/wp-json\/wp\/v2\/users\/1"}],"replies":[{"embeddable":true,"href":"https:\/\/flavienneuvy.fr\/index.php\/wp-json\/wp\/v2\/comments?post=1447"}],"version-history":[{"count":0,"href":"https:\/\/flavienneuvy.fr\/index.php\/wp-json\/wp\/v2\/posts\/1447\/revisions"}],"wp:attachment":[{"href":"https:\/\/flavienneuvy.fr\/index.php\/wp-json\/wp\/v2\/media?parent=1447"}],"wp:term":[{"taxonomy":"category","embeddable":true,"href":"https:\/\/flavienneuvy.fr\/index.php\/wp-json\/wp\/v2\/categories?post=1447"},{"taxonomy":"post_tag","embeddable":true,"href":"https:\/\/flavienneuvy.fr\/index.php\/wp-json\/wp\/v2\/tags?post=1447"}],"curies":[{"name":"wp","href":"https:\/\/api.w.org\/{rel}","templated":true}]}}