{"id":1448,"date":"2006-07-03T15:51:37","date_gmt":"2006-07-03T14:51:37","guid":{"rendered":"http:\/\/flavienneuvy.fr\/index.php\/2006\/07\/03\/il_fait_chaud_\/"},"modified":"2006-07-03T15:51:37","modified_gmt":"2006-07-03T14:51:37","slug":"il_fait_chaud_","status":"publish","type":"post","link":"https:\/\/flavienneuvy.fr\/index.php\/2006\/07\/03\/il_fait_chaud_\/","title":{"rendered":"Il fait chaud !"},"content":{"rendered":"<p><a onclick=\"window.open(this.href, '_blank', 'width=420,height=298,scrollbars=no,resizable=no,toolbar=no,directories=no,location=no,menubar=no,status=no,left=0,top=0'); return false\" href=\"http:\/\/cebazatpourdemain.neufblog.com\/.shared\/image.html?\/photos\/uncategorized\/logo_cebazat_2.jpg\"><img decoding=\"async\" loading=\"lazy\" title=\"Logo_cebazat_2\" height=\"70\" alt=\"Logo_cebazat_2\" src=\"http:\/\/cebazatpourdemain.neufblog.com\/cebazatpourdemain\/images\/logo_cebazat_2.jpg\" width=\"100\" border=\"0\" style=\"FLOAT: left; MARGIN: 0px 5px 5px 0px\" \/><\/a><\/p>\n<p>Il fait chaud depuis plus d&rsquo;une semaine. Prudence et anticipation sont les ma\u00eetres mots afin d&rsquo;\u00e9viter que ce d\u00e9but de canicule ne se transforme en catastrophe. Parler avec ses voisins et ne pas oublier les personnes \u00e2g\u00e9es souvent seules, voil\u00e0 ce qui doit nous permettre de passer ce moment sans encombre.<\/p>\n<p>La rentr\u00e9e sera chaude aussi pour CEBAZAT POUR DEMAIN. En effet, les \u00e9ch\u00e9ances de 2007 se rapprochent \u00e0 grands pas et notre association va bien s\u00fbr y participer. <\/p>\n<p>Nous allons faire campagne pour aider le candidat UMP aux pr\u00e9sidentielles. De la m\u00eame mani\u00e8re nous aurons une campagne l\u00e9gislative \u00e0 faire aux c\u00f4t\u00e9s du candidat UMP dans la 1\u00e8re circonscription du PUY DE DOME. <\/p>\n<p>Nous soutiendrons Anne Courtill\u00e9 qui, faut-il le rappeler, avait r\u00e9alis\u00e9 48% des voix au deuxi\u00e8me tour en 2002 face \u00e0 Odile Saugues et &#8230;.. Bernard Auby comme suppl\u00e9ant. C&rsquo;est tr\u00e8s prometteur pour l&rsquo;avenir.<\/p>\n<p>Concernant C\u00e9bazat pour demain, la distribution de tracts continue avec quelques centaines de tracts distribu\u00e9s encore ces jours-ci. Il&nbsp; faut continuer \u00e0 faire conna\u00eetre l&rsquo;existence d&rsquo;une alternative \u00e0 la municipalit\u00e9 actuelle.<\/p>\n<p>A la rentr\u00e9e nous allons donc acc\u00e9l\u00e9rer le rythme avec des distributions de tracts plus importantes encore, des r\u00e9unions publiques&#8230;&#8230;<\/p>\n<p>@ bient\u00f4t et passez de bonnes vacances d&rsquo;\u00e9t\u00e9.<\/p>\n<p>Flavien Neuvy le 03 juillet 06<\/p>\n","protected":false},"excerpt":{"rendered":"<p>Il fait chaud depuis plus d&rsquo;une semaine. Prudence et anticipation sont les ma\u00eetres mots afin d&rsquo;\u00e9viter que ce d\u00e9but de canicule ne se transforme en catastrophe. Parler avec ses voisins et ne pas oublier les personnes \u00e2g\u00e9es souvent seules, voil\u00e0 ce qui doit nous permettre de passer ce moment sans encombre. La rentr\u00e9e sera chaude&nbsp;<\/p>\n<p><a class=\"btn btn-style\" href=\"https:\/\/flavienneuvy.fr\/index.php\/2006\/07\/03\/il_fait_chaud_\/\">Continuer la lecture&#8230;<\/a><\/p>\n","protected":false},"author":1,"featured_media":0,"comment_status":"open","ping_status":"closed","sticky":false,"template":"","format":"standard","meta":[],"categories":[1],"tags":[],"_links":{"self":[{"href":"https:\/\/flavienneuvy.fr\/index.php\/wp-json\/wp\/v2\/posts\/1448"}],"collection":[{"href":"https:\/\/flavienneuvy.fr\/index.php\/wp-json\/wp\/v2\/posts"}],"about":[{"href":"https:\/\/flavienneuvy.fr\/index.php\/wp-json\/wp\/v2\/types\/post"}],"author":[{"embeddable":true,"href":"https:\/\/flavienneuvy.fr\/index.php\/wp-json\/wp\/v2\/users\/1"}],"replies":[{"embeddable":true,"href":"https:\/\/flavienneuvy.fr\/index.php\/wp-json\/wp\/v2\/comments?post=1448"}],"version-history":[{"count":0,"href":"https:\/\/flavienneuvy.fr\/index.php\/wp-json\/wp\/v2\/posts\/1448\/revisions"}],"wp:attachment":[{"href":"https:\/\/flavienneuvy.fr\/index.php\/wp-json\/wp\/v2\/media?parent=1448"}],"wp:term":[{"taxonomy":"category","embeddable":true,"href":"https:\/\/flavienneuvy.fr\/index.php\/wp-json\/wp\/v2\/categories?post=1448"},{"taxonomy":"post_tag","embeddable":true,"href":"https:\/\/flavienneuvy.fr\/index.php\/wp-json\/wp\/v2\/tags?post=1448"}],"curies":[{"name":"wp","href":"https:\/\/api.w.org\/{rel}","templated":true}]}}