{"id":1450,"date":"2006-06-27T18:34:00","date_gmt":"2006-06-27T17:34:00","guid":{"rendered":"http:\/\/flavienneuvy.fr\/index.php\/2006\/06\/27\/bonjour_tristes\/"},"modified":"2006-06-27T18:34:00","modified_gmt":"2006-06-27T17:34:00","slug":"bonjour_tristes","status":"publish","type":"post","link":"https:\/\/flavienneuvy.fr\/index.php\/2006\/06\/27\/bonjour_tristes\/","title":{"rendered":"Bonjour tristesse&#8230;&#8230;"},"content":{"rendered":"<p><a onclick=\"window.open(this.href, '_blank', 'width=420,height=298,scrollbars=no,resizable=no,toolbar=no,directories=no,location=no,menubar=no,status=no,left=0,top=0'); return false\" href=\"http:\/\/cebazatpourdemain.neufblog.com\/.shared\/image.html?\/photos\/uncategorized\/logo_cebazat_2.jpg\"><img decoding=\"async\" loading=\"lazy\" title=\"Logo_cebazat_2\" height=\"70\" alt=\"Logo_cebazat_2\" src=\"http:\/\/cebazatpourdemain.neufblog.com\/cebazatpourdemain\/images\/logo_cebazat_2.jpg\" width=\"100\" border=\"0\" style=\"FLOAT: left; MARGIN: 0px 5px 5px 0px\" \/><\/a><\/p>\n<p>Ce n&rsquo;\u00e9tait qu&rsquo;un sentiment de bon sens au d\u00e9part et c&rsquo;est devenu une r\u00e9alit\u00e9 constat\u00e9e&#8230;&#8230;De quoi s&rsquo;agit-il ? Tout simplement de ce que j&rsquo;\u00e9voque sur mon tract et sur mon premier message sur ce blog \u00e0 savoir les cons\u00e9quences d\u00e9sastreuses dues \u00e0 l&rsquo;absence d&rsquo;opposition au conseil municipal de C\u00e9bazat.<\/p>\n<p>Deux \u00e9l\u00e9ments viennent confirmer ce sentiment devenu certitude :<\/p>\n<ul>\n<li>Un taux d&rsquo;absent\u00e9isme consid\u00e9rable lors des 4 derniers conseils municipaux. En moyenne 18 \u00e9lus sont pr\u00e9sents sur 29 soit un taux d&rsquo;absent\u00e9isme de 38%&#8230;&#8230; C&rsquo;est \u00e9norme et soyons s\u00fbrs qu&rsquo;avec une opposition de droite au conseil municipal nous n&rsquo;en serions pas l\u00e0.<\/li>\n<\/ul>\n<ul>\n<li>Le d\u00e9roulement du dernier conseil municipal \u00e9tait d&rsquo;une tristesse absolue alors m\u00eame que l&rsquo;ordre du jour \u00e9tait tr\u00e8s important pour notre commune : PLU, comptes administratifs&#8230; Et pourtant, rien, pas l&rsquo;ombre d&rsquo;un d\u00e9bat , d&rsquo;un \u00e9change, d&rsquo;une discussion. <\/li>\n<\/ul>\n<p>Il est grand temps de reprendre la parole et de mobiliser autour d&rsquo;un autre projet pour C\u00e9bazat.<\/p>\n<p>Il est grand temps de donner un souffle nouveau.<\/p>\n<p>Flavien Neuvy<\/p>\n","protected":false},"excerpt":{"rendered":"<p>Ce n&rsquo;\u00e9tait qu&rsquo;un sentiment de bon sens au d\u00e9part et c&rsquo;est devenu une r\u00e9alit\u00e9 constat\u00e9e&#8230;&#8230;De quoi s&rsquo;agit-il ? Tout simplement de ce que j&rsquo;\u00e9voque sur mon tract et sur mon premier message sur ce blog \u00e0 savoir les cons\u00e9quences d\u00e9sastreuses dues \u00e0 l&rsquo;absence d&rsquo;opposition au conseil municipal de C\u00e9bazat. Deux \u00e9l\u00e9ments viennent confirmer ce sentiment&nbsp;<\/p>\n<p><a class=\"btn btn-style\" href=\"https:\/\/flavienneuvy.fr\/index.php\/2006\/06\/27\/bonjour_tristes\/\">Continuer la lecture&#8230;<\/a><\/p>\n","protected":false},"author":1,"featured_media":0,"comment_status":"open","ping_status":"closed","sticky":false,"template":"","format":"standard","meta":[],"categories":[1],"tags":[],"_links":{"self":[{"href":"https:\/\/flavienneuvy.fr\/index.php\/wp-json\/wp\/v2\/posts\/1450"}],"collection":[{"href":"https:\/\/flavienneuvy.fr\/index.php\/wp-json\/wp\/v2\/posts"}],"about":[{"href":"https:\/\/flavienneuvy.fr\/index.php\/wp-json\/wp\/v2\/types\/post"}],"author":[{"embeddable":true,"href":"https:\/\/flavienneuvy.fr\/index.php\/wp-json\/wp\/v2\/users\/1"}],"replies":[{"embeddable":true,"href":"https:\/\/flavienneuvy.fr\/index.php\/wp-json\/wp\/v2\/comments?post=1450"}],"version-history":[{"count":0,"href":"https:\/\/flavienneuvy.fr\/index.php\/wp-json\/wp\/v2\/posts\/1450\/revisions"}],"wp:attachment":[{"href":"https:\/\/flavienneuvy.fr\/index.php\/wp-json\/wp\/v2\/media?parent=1450"}],"wp:term":[{"taxonomy":"category","embeddable":true,"href":"https:\/\/flavienneuvy.fr\/index.php\/wp-json\/wp\/v2\/categories?post=1450"},{"taxonomy":"post_tag","embeddable":true,"href":"https:\/\/flavienneuvy.fr\/index.php\/wp-json\/wp\/v2\/tags?post=1450"}],"curies":[{"name":"wp","href":"https:\/\/api.w.org\/{rel}","templated":true}]}}