{"id":1452,"date":"2006-06-21T00:02:58","date_gmt":"2006-06-20T23:02:58","guid":{"rendered":"http:\/\/flavienneuvy.fr\/index.php\/2006\/06\/21\/le_tramway_lhon\/"},"modified":"2006-06-21T00:02:58","modified_gmt":"2006-06-20T23:02:58","slug":"le_tramway_lhon","status":"publish","type":"post","link":"https:\/\/flavienneuvy.fr\/index.php\/2006\/06\/21\/le_tramway_lhon\/","title":{"rendered":"Le tramway \u00e0 l&rsquo;honneur !"},"content":{"rendered":"<p><a onclick=\"window.open(this.href, '_blank', 'width=420,height=298,scrollbars=no,resizable=no,toolbar=no,directories=no,location=no,menubar=no,status=no,left=0,top=0'); return false\" href=\"http:\/\/cebazatpourdemain.neufblog.com\/.shared\/image.html?\/photos\/uncategorized\/logo_cebazat_2.jpg\"><img decoding=\"async\" loading=\"lazy\" title=\"Logo_cebazat_2\" height=\"70\" alt=\"Logo_cebazat_2\" src=\"http:\/\/cebazatpourdemain.neufblog.com\/cebazatpourdemain\/images\/logo_cebazat_2.jpg\" width=\"100\" border=\"0\" style=\"FLOAT: left; MARGIN: 0px 5px 5px 0px\" \/><\/a><\/p>\n<p>C&rsquo;est \u00e0 l&rsquo;invitation de la CCI que je me suis rendu ce mardi 20 juin \u00e0 l&rsquo;\u00e9cole sup\u00e9rieure de commerce de Clermont pour assister \u00e0 une conf\u00e9rence sur le tramway et la r\u00e9organisation du r\u00e9seau de transport en commun de l&rsquo;agglom\u00e9ration clermontoise.Cette conf\u00e9rence s&rsquo;est tenue en pr\u00e9sence du Maire de Clermont-Ferrand M.Godard par ailleurs Pr\u00e9sident du SMTC.<\/p>\n<p>Alors disons le d&#8217;embl\u00e9e, ma premi\u00e8re surprise a \u00e9t\u00e9 de constater la faible assistance dans le grand amphith\u00e9\u00e2tre de l&rsquo;ESC. 70 personnes environ en d\u00e9but de conf\u00e9rence pour moins de 30 \u00e0 la fin&#8230;<\/p>\n<p>Qu&rsquo;ai-je retenu de ces deux heures de conf\u00e9rence ?<\/p>\n<p>D&rsquo;abord les (laborieuses) justifications du Maire sur l&rsquo;obligation qui \u00e9tait la sienne de relever la taxe transport que paient les entreprises de plus de 9 salari\u00e9s :&quot; l&rsquo;Etat qui n&rsquo;a pas tenu ses engagements, le jeu en valait la chandelle pour les commer\u00e7ants&quot;&#8230;<\/p>\n<p>Ensuite les slogans sans cesse r\u00e9p\u00e9t\u00e9s au cours de la soir\u00e9e :&quot; le tram? un nouveau style de vie&quot; , &quot; une nouvelle ville commence&quot;&#8230;&#8230;<\/p>\n<p>Une grande nouvelle est venue \u00e9clairer une soir\u00e9e qui commencait \u00e0 sombrer dans un ronrement technique, et amis clermontois tenez-vous bien: &quot;le monde entier lorgne sur notre tram !&quot; affirme sans rire M.Godard.<\/p>\n<p>Me voil\u00e0 r\u00e9veill\u00e9 en fanfare&#8230;Le monde entier regarde notre tram !!&nbsp; Aurais-je r\u00eav\u00e9 ? Non non, le Maire confirme dans la foul\u00e9e : &quot; La ville de Clermont fait r\u00eaver le monde entier&quot; (je cite mot pour mot).<\/p>\n<p>Me voil\u00e0 rassur\u00e9, le monde entier a les yeux riv\u00e9s sur notre Auvergne. <\/p>\n<p>Et pour nous C\u00e9bazaires, quoi de neuf ? Et bien rien. Voil\u00e0 la mauvaise nouvelle de la soir\u00e9e. Le nouveau r\u00e9seau bus+tram qui entrera en service dans la foul\u00e9e de la mise en service du tram ( fin octobre) ne modifiera en rien la desserte actuelle. Une ligne 3 va prendre la place de la ligne 17 qui m\u00e8ne jusqu&rsquo;au CHR Nord.<\/p>\n<p>A noter une fr\u00e9quence de liaison plus \u00e9lev\u00e9e aux heures de pointe (toutes les 8 mn environ). A part \u00e7\u00e0 ? Rien ! Passez votre chemin. Le SMTC doit penser que pour desservir une commune de presque 10 000 habitants une ligne suffit largement. <\/p>\n<p><strong>Et bien moi je dis que ce n&rsquo;est pas assez !!<\/strong> <\/p>\n<p>Il faut se battre pour obtenir une \u00e0 deux lignes suppl\u00e9mentaires. Ce n&rsquo;est pas normal de devoir faire 15 \u00e0 20 mn de marche pour rejoindre l&rsquo;arr\u00eat de bus le plus proche. Non seulement le tram s&rsquo;arr\u00eate \u00e0 l&rsquo;entr\u00e9e de C\u00e9bazat, mais en plus ce sera toujours aussi compliqu\u00e9 pour les C\u00e9bazaires n&rsquo;habitant pas \u00e0 c\u00f4t\u00e9 de la ligne de bus, d&rsquo;utiliser les transports en commun.<\/p>\n<p>Tout ceci est r\u00e9v\u00e9lateur du poids et de l&rsquo;impact de la municipalit\u00e9 actuelle dans les d\u00e9cisions prises au niveau du SMTC et plus g\u00e9n\u00e9ralement aupr\u00e8s des autres collectivit\u00e9s locales.<\/p>\n<p>Flavien NEUVY le 20 juin 2006<\/p>\n","protected":false},"excerpt":{"rendered":"<p>C&rsquo;est \u00e0 l&rsquo;invitation de la CCI que je me suis rendu ce mardi 20 juin \u00e0 l&rsquo;\u00e9cole sup\u00e9rieure de commerce de Clermont pour assister \u00e0 une conf\u00e9rence sur le tramway et la r\u00e9organisation du r\u00e9seau de transport en commun de l&rsquo;agglom\u00e9ration clermontoise.Cette conf\u00e9rence s&rsquo;est tenue en pr\u00e9sence du Maire de Clermont-Ferrand M.Godard par ailleurs Pr\u00e9sident&nbsp;<\/p>\n<p><a class=\"btn btn-style\" href=\"https:\/\/flavienneuvy.fr\/index.php\/2006\/06\/21\/le_tramway_lhon\/\">Continuer la lecture&#8230;<\/a><\/p>\n","protected":false},"author":1,"featured_media":0,"comment_status":"open","ping_status":"open","sticky":false,"template":"","format":"standard","meta":[],"categories":[1],"tags":[],"_links":{"self":[{"href":"https:\/\/flavienneuvy.fr\/index.php\/wp-json\/wp\/v2\/posts\/1452"}],"collection":[{"href":"https:\/\/flavienneuvy.fr\/index.php\/wp-json\/wp\/v2\/posts"}],"about":[{"href":"https:\/\/flavienneuvy.fr\/index.php\/wp-json\/wp\/v2\/types\/post"}],"author":[{"embeddable":true,"href":"https:\/\/flavienneuvy.fr\/index.php\/wp-json\/wp\/v2\/users\/1"}],"replies":[{"embeddable":true,"href":"https:\/\/flavienneuvy.fr\/index.php\/wp-json\/wp\/v2\/comments?post=1452"}],"version-history":[{"count":0,"href":"https:\/\/flavienneuvy.fr\/index.php\/wp-json\/wp\/v2\/posts\/1452\/revisions"}],"wp:attachment":[{"href":"https:\/\/flavienneuvy.fr\/index.php\/wp-json\/wp\/v2\/media?parent=1452"}],"wp:term":[{"taxonomy":"category","embeddable":true,"href":"https:\/\/flavienneuvy.fr\/index.php\/wp-json\/wp\/v2\/categories?post=1452"},{"taxonomy":"post_tag","embeddable":true,"href":"https:\/\/flavienneuvy.fr\/index.php\/wp-json\/wp\/v2\/tags?post=1452"}],"curies":[{"name":"wp","href":"https:\/\/api.w.org\/{rel}","templated":true}]}}