{"id":1454,"date":"2006-06-11T09:44:39","date_gmt":"2006-06-11T08:44:39","guid":{"rendered":"http:\/\/flavienneuvy.fr\/index.php\/2006\/06\/11\/les_premires_ra\/"},"modified":"2006-06-11T09:44:39","modified_gmt":"2006-06-11T08:44:39","slug":"les_premires_ra","status":"publish","type":"post","link":"https:\/\/flavienneuvy.fr\/index.php\/2006\/06\/11\/les_premires_ra\/","title":{"rendered":"Les premi\u00e8res r\u00e9actions&#8230;&#8230;"},"content":{"rendered":"<p>Moins de 15 jours apr\u00e8s le lancement de l&rsquo;association d&rsquo;opposition \u00e0 la&nbsp; municipalit\u00e9 actuelle , force est de constater que les r\u00e9actions ont \u00e9t\u00e9 nombreuses.<\/p>\n<p>D&rsquo;abord de nombreuses r\u00e9actions de mes amis politiques qui ont multipli\u00e9 signes d&rsquo;amiti\u00e9s et d&rsquo;encouragements. Je profite du moment pour tous les remercier soit de leur courrier \u00e9l\u00e9ctronique, soit du lien install\u00e9 sur les blogs ou bien encore du texte \u00e9crit sur leur blog ( merci Serge !).<\/p>\n<p>C&rsquo;est toujours agr\u00e9able de sentir qu&rsquo;une initiative suscite sympathie et encouragements dans sa propre famille politique mais cel\u00e0 me semble bien naturel surtout lorsque l&rsquo;on sait que C\u00e9bazat est dirig\u00e9e par la m\u00eame personne depuis quelques dizaines d&rsquo;ann\u00e9es !<\/p>\n<p>La vraie bonne nouvelle vient de la r\u00e9action des c\u00e9bazaires eux-m\u00eame ! Beaucoup de messages, de mails, de f\u00e9licitations et d&rsquo;encouragements. Quelques fois \u00e9galement un peu de surprise et d&rsquo;\u00e9tonnement. <\/p>\n<p>Je reviendrai bient\u00f4t sur ce blog avec les premiers probl\u00e8mes \u00e9voqu\u00e9s par les c\u00e9bazaires suite au tractage effectu\u00e9, probl\u00e8mes non r\u00e9solus par la municipalit\u00e9.<\/p>\n<p>Le prochain conseil municipal aura lieu le 22 juin prochain. Nous y serons bien s\u00fbr, en simples spectateurs&#8230;&#8230;pour l&rsquo;instant.<\/p>\n<p><a onclick=\"window.open(this.href, '_blank', 'width=420,height=298,scrollbars=no,resizable=no,toolbar=no,directories=no,location=no,menubar=no,status=no,left=0,top=0'); return false\" href=\"http:\/\/cebazatpourdemain.neufblog.com\/.shared\/image.html?\/photos\/uncategorized\/logo_cebazat_2.jpg\"><img decoding=\"async\" loading=\"lazy\" title=\"Logo_cebazat_2\" height=\"70\" alt=\"Logo_cebazat_2\" src=\"http:\/\/cebazatpourdemain.neufblog.com\/cebazatpourdemain\/images\/logo_cebazat_2.jpg\" width=\"100\" border=\"0\" style=\"FLOAT: left; MARGIN: 0px 5px 5px 0px\" \/><\/a> <\/p>\n<p>Flavien Neuvy le 11 juin 2006<\/p>\n","protected":false},"excerpt":{"rendered":"<p>Moins de 15 jours apr\u00e8s le lancement de l&rsquo;association d&rsquo;opposition \u00e0 la&nbsp; municipalit\u00e9 actuelle , force est de constater que les r\u00e9actions ont \u00e9t\u00e9 nombreuses. D&rsquo;abord de nombreuses r\u00e9actions de mes amis politiques qui ont multipli\u00e9 signes d&rsquo;amiti\u00e9s et d&rsquo;encouragements. Je profite du moment pour tous les remercier soit de leur courrier \u00e9l\u00e9ctronique, soit du&nbsp;<\/p>\n<p><a class=\"btn btn-style\" href=\"https:\/\/flavienneuvy.fr\/index.php\/2006\/06\/11\/les_premires_ra\/\">Continuer la lecture&#8230;<\/a><\/p>\n","protected":false},"author":1,"featured_media":0,"comment_status":"open","ping_status":"closed","sticky":false,"template":"","format":"standard","meta":[],"categories":[122],"tags":[],"_links":{"self":[{"href":"https:\/\/flavienneuvy.fr\/index.php\/wp-json\/wp\/v2\/posts\/1454"}],"collection":[{"href":"https:\/\/flavienneuvy.fr\/index.php\/wp-json\/wp\/v2\/posts"}],"about":[{"href":"https:\/\/flavienneuvy.fr\/index.php\/wp-json\/wp\/v2\/types\/post"}],"author":[{"embeddable":true,"href":"https:\/\/flavienneuvy.fr\/index.php\/wp-json\/wp\/v2\/users\/1"}],"replies":[{"embeddable":true,"href":"https:\/\/flavienneuvy.fr\/index.php\/wp-json\/wp\/v2\/comments?post=1454"}],"version-history":[{"count":0,"href":"https:\/\/flavienneuvy.fr\/index.php\/wp-json\/wp\/v2\/posts\/1454\/revisions"}],"wp:attachment":[{"href":"https:\/\/flavienneuvy.fr\/index.php\/wp-json\/wp\/v2\/media?parent=1454"}],"wp:term":[{"taxonomy":"category","embeddable":true,"href":"https:\/\/flavienneuvy.fr\/index.php\/wp-json\/wp\/v2\/categories?post=1454"},{"taxonomy":"post_tag","embeddable":true,"href":"https:\/\/flavienneuvy.fr\/index.php\/wp-json\/wp\/v2\/tags?post=1454"}],"curies":[{"name":"wp","href":"https:\/\/api.w.org\/{rel}","templated":true}]}}