{"id":1535,"date":"2016-08-11T22:45:31","date_gmt":"2016-08-11T21:45:31","guid":{"rendered":"http:\/\/flavienneuvy.fr\/?p=1535"},"modified":"2016-08-11T22:45:31","modified_gmt":"2016-08-11T21:45:31","slug":"les-origines-de-la-crise-des-subprimes","status":"publish","type":"post","link":"https:\/\/flavienneuvy.fr\/index.php\/2016\/08\/11\/les-origines-de-la-crise-des-subprimes\/","title":{"rendered":"Les origines de la crise des subprimes."},"content":{"rendered":"<p>La crise des subprimes a d\u00e9but\u00e9 aux Etats-Unis en 2007. Cela fait presque 10 ans. Ce sont bien les subprimes qui ont d\u00e9clench\u00e9 la crise mondiale que l&rsquo;on a connu \u00e0 partir de 2008. Nous avons maintenant assez de recul pour comprendre ce qui s&rsquo;est pass\u00e9 et quels sont les m\u00e9canismes de propagation qui ont contribu\u00e9 \u00e0 faire de cette crise purement am\u00e9ricaine au d\u00e9part, une crise mondiale.<\/p>\n<p>Je vais revenir sur tous ces m\u00e9canismes avec la publication de plusieurs textes qui tenteront de montrer comment et pourquoi le monde a travers\u00e9 une crise gigantesque ayant pour origine un exc\u00e8s de cr\u00e9dit aux USA.<\/p>\n","protected":false},"excerpt":{"rendered":"<p>La crise des subprimes a d\u00e9but\u00e9 aux Etats-Unis en 2007. Cela fait presque 10 ans. Ce sont bien les subprimes qui ont d\u00e9clench\u00e9 la crise mondiale que l&rsquo;on a connu \u00e0 partir de 2008. Nous avons maintenant assez de recul pour comprendre ce qui s&rsquo;est pass\u00e9 et quels sont les m\u00e9canismes de propagation qui ont&nbsp;<\/p>\n<p><a class=\"btn btn-style\" href=\"https:\/\/flavienneuvy.fr\/index.php\/2016\/08\/11\/les-origines-de-la-crise-des-subprimes\/\">Continuer la lecture&#8230;<\/a><\/p>\n","protected":false},"author":1,"featured_media":0,"comment_status":"open","ping_status":"open","sticky":false,"template":"","format":"standard","meta":[],"categories":[3],"tags":[],"_links":{"self":[{"href":"https:\/\/flavienneuvy.fr\/index.php\/wp-json\/wp\/v2\/posts\/1535"}],"collection":[{"href":"https:\/\/flavienneuvy.fr\/index.php\/wp-json\/wp\/v2\/posts"}],"about":[{"href":"https:\/\/flavienneuvy.fr\/index.php\/wp-json\/wp\/v2\/types\/post"}],"author":[{"embeddable":true,"href":"https:\/\/flavienneuvy.fr\/index.php\/wp-json\/wp\/v2\/users\/1"}],"replies":[{"embeddable":true,"href":"https:\/\/flavienneuvy.fr\/index.php\/wp-json\/wp\/v2\/comments?post=1535"}],"version-history":[{"count":1,"href":"https:\/\/flavienneuvy.fr\/index.php\/wp-json\/wp\/v2\/posts\/1535\/revisions"}],"predecessor-version":[{"id":1536,"href":"https:\/\/flavienneuvy.fr\/index.php\/wp-json\/wp\/v2\/posts\/1535\/revisions\/1536"}],"wp:attachment":[{"href":"https:\/\/flavienneuvy.fr\/index.php\/wp-json\/wp\/v2\/media?parent=1535"}],"wp:term":[{"taxonomy":"category","embeddable":true,"href":"https:\/\/flavienneuvy.fr\/index.php\/wp-json\/wp\/v2\/categories?post=1535"},{"taxonomy":"post_tag","embeddable":true,"href":"https:\/\/flavienneuvy.fr\/index.php\/wp-json\/wp\/v2\/tags?post=1535"}],"curies":[{"name":"wp","href":"https:\/\/api.w.org\/{rel}","templated":true}]}}