{"id":1659,"date":"2017-02-02T22:00:31","date_gmt":"2017-02-02T21:00:31","guid":{"rendered":"http:\/\/flavienneuvy.fr\/?p=1659"},"modified":"2017-03-27T18:46:34","modified_gmt":"2017-03-27T17:46:34","slug":"francois-fillon-doit-retirer-sa-candidature","status":"publish","type":"post","link":"https:\/\/flavienneuvy.fr\/index.php\/2017\/02\/02\/francois-fillon-doit-retirer-sa-candidature\/","title":{"rendered":"Fran\u00e7ois Fillon doit retirer sa candidature."},"content":{"rendered":"<p>C&rsquo;est un coup de th\u00e9\u00e2tre invraisemblable qui secoue la campagne pr\u00e9sidentielle depuis une semaine. Un scandale inimaginable. Madame Fillon est soup\u00e7onn\u00e9e d&rsquo;avoir b\u00e9n\u00e9fici\u00e9 de plusieurs emplois fictifs pendant des ann\u00e9es avec \u00e0 la cl\u00e9 une r\u00e9mun\u00e9ration totale de pr\u00e8s d&rsquo;un million d&rsquo;euros.<\/p>\n<p>Madame Fillon est pr\u00e9sum\u00e9e innocente mais le caract\u00e8re fictif de son travail d&rsquo;attach\u00e9e parlementaire ne fait gu\u00e8re de doutes compte tenu de tous les \u00e9l\u00e9ments r\u00e9v\u00e9l\u00e9s depuis le d\u00e9but de l&rsquo;affaire. Personne n&rsquo;a vu madame \u00e0 l&rsquo;Assembl\u00e9e. Personne ne l&rsquo;a vue tenir une permanence. Pas de badge pour l&rsquo;Assembl\u00e9e, par d&rsquo;adresse mail&#8230;Elle a r\u00e9p\u00e9t\u00e9e plusieurs fois qu&rsquo;elle ne travaillait pas, qu&rsquo;elle ne s&rsquo;occupait pas de la vie politique de son mari et elle a m\u00eame pris soin de pr\u00e9ciser qu&rsquo;elle \u00ab\u00a0n&rsquo;a jamais \u00e9t\u00e9 l&rsquo;assistante\u00a0\u00bb de son mari.<\/p>\n<p>Je suis outr\u00e9 par de tels comportements qui d\u00e9shonorent la classe politique. J&rsquo;ai honte pour la France qui est la ris\u00e9e du monde. Je suis d&rsquo;autant plus scandalis\u00e9 que je pensais sinc\u00e8rement que M.Fillon \u00e9tait un homme int\u00e8gre. Il ne s&rsquo;est pas priv\u00e9 de donner des le\u00e7ons de morale sur l&rsquo;importance d&rsquo;\u00eatre \u00ab\u00a0irr\u00e9prochable\u00a0\u00bb quand on brigue la magistrature supr\u00eame.<\/p>\n<p>Je suis surpris par la r\u00e9action de nombreux \u00e9lus (de droite comme de gauche) avec qui j&rsquo;ai pu discuter de cette affaire. Ils sont globalement tr\u00e8s complaisants avec la famille (en or) Fillon. \u00ab\u00a0Mais tu comprends&#8230;.les journalistes&#8230;.tout le monde fait pareil&#8230;\u00a0\u00bb. Non je ne comprends pas. D\u00e9sol\u00e9.<\/p>\n<p>Autre argument souvent avanc\u00e9 pas ces m\u00eames \u00e9lus \u00ab\u00a0Tout cela est fait pour nuire \u00e0 Fillon, \u00e0 3 mois de l&rsquo;\u00e9lection, comme par hasard\u00a0\u00bb. Bien s\u00fbr que cela ne doit rien au hasard. Le but c&rsquo;est bien de nuire \u00e0 Fillon. Mais enfin, certains semblent d\u00e9couvrir qu&rsquo;en politique il y a des coups tordus. C&rsquo;est sid\u00e9rant. Le vrai probl\u00e8me ce sont les faits reproch\u00e9s \u00e0 M. et Mme Fillon.<\/p>\n<p>Mais ce n&rsquo;est pas tout. Ils sont aussi dans le d\u00e9ni. Ils pensent que cette affaire va s&rsquo;essouffler et qu&rsquo;on n&rsquo;en parlera plus dans 15 jours. Non, c&rsquo;est fini pour Fran\u00e7ois Fillon. Il est cuit et je l&rsquo;ai compris d\u00e8s le lendemain de la publication du 1er article dans le Canard lorsque Fillon a tent\u00e9 de se d\u00e9fendre sur le plateau du JT de 20h de TF1. C&rsquo;\u00e9tait path\u00e9tique. Tout aussi path\u00e9tique, le meeting \u00e0 la Villette durant lequel le public a fait une standing ovation pour le couple Fillon. Une standing ovation pour une personne soup\u00e7onn\u00e9e d&rsquo;avoir b\u00e9n\u00e9fici\u00e9 de plus de 800 000 euros d&rsquo;argent public avec des emplois pr\u00e9sum\u00e9s fictifs&#8230;<\/p>\n<p>On attend avec impatience le prochain meeting durant lequel Fran\u00e7ois Fillon expliquera que pour relever le pays, les Fran\u00e7ais devront travailler plus&#8230;<\/p>\n<p>Aujourd&rsquo;hui, les choses sont simples : soit M.Fillon retire a candidature et vite, soit les chances de victoire de l&rsquo;alliance LR &#8211; UDI sont r\u00e9duites \u00e0 n\u00e9ant. Si Fran\u00e7ois Fillon s&rsquo;obstine \u00e0 vouloir rester candidat, il portera l&rsquo;enti\u00e8re responsabilit\u00e9 de l&rsquo;\u00e9chec.<\/p>\n<p>&nbsp;<\/p>\n","protected":false},"excerpt":{"rendered":"<p>C&rsquo;est un coup de th\u00e9\u00e2tre invraisemblable qui secoue la campagne pr\u00e9sidentielle depuis une semaine. Un scandale inimaginable. Madame Fillon est soup\u00e7onn\u00e9e d&rsquo;avoir b\u00e9n\u00e9fici\u00e9 de plusieurs emplois fictifs pendant des ann\u00e9es avec \u00e0 la cl\u00e9 une r\u00e9mun\u00e9ration totale de pr\u00e8s d&rsquo;un million d&rsquo;euros. Madame Fillon est pr\u00e9sum\u00e9e innocente mais le caract\u00e8re fictif de son travail d&rsquo;attach\u00e9e&nbsp;<\/p>\n<p><a class=\"btn btn-style\" href=\"https:\/\/flavienneuvy.fr\/index.php\/2017\/02\/02\/francois-fillon-doit-retirer-sa-candidature\/\">Continuer la lecture&#8230;<\/a><\/p>\n","protected":false},"author":1,"featured_media":0,"comment_status":"open","ping_status":"open","sticky":false,"template":"","format":"standard","meta":[],"categories":[2,4],"tags":[],"_links":{"self":[{"href":"https:\/\/flavienneuvy.fr\/index.php\/wp-json\/wp\/v2\/posts\/1659"}],"collection":[{"href":"https:\/\/flavienneuvy.fr\/index.php\/wp-json\/wp\/v2\/posts"}],"about":[{"href":"https:\/\/flavienneuvy.fr\/index.php\/wp-json\/wp\/v2\/types\/post"}],"author":[{"embeddable":true,"href":"https:\/\/flavienneuvy.fr\/index.php\/wp-json\/wp\/v2\/users\/1"}],"replies":[{"embeddable":true,"href":"https:\/\/flavienneuvy.fr\/index.php\/wp-json\/wp\/v2\/comments?post=1659"}],"version-history":[{"count":5,"href":"https:\/\/flavienneuvy.fr\/index.php\/wp-json\/wp\/v2\/posts\/1659\/revisions"}],"predecessor-version":[{"id":1726,"href":"https:\/\/flavienneuvy.fr\/index.php\/wp-json\/wp\/v2\/posts\/1659\/revisions\/1726"}],"wp:attachment":[{"href":"https:\/\/flavienneuvy.fr\/index.php\/wp-json\/wp\/v2\/media?parent=1659"}],"wp:term":[{"taxonomy":"category","embeddable":true,"href":"https:\/\/flavienneuvy.fr\/index.php\/wp-json\/wp\/v2\/categories?post=1659"},{"taxonomy":"post_tag","embeddable":true,"href":"https:\/\/flavienneuvy.fr\/index.php\/wp-json\/wp\/v2\/tags?post=1659"}],"curies":[{"name":"wp","href":"https:\/\/api.w.org\/{rel}","templated":true}]}}