{"id":1808,"date":"2017-09-25T19:16:05","date_gmt":"2017-09-25T18:16:05","guid":{"rendered":"http:\/\/flavienneuvy.fr\/?p=1808"},"modified":"2017-09-25T21:11:29","modified_gmt":"2017-09-25T20:11:29","slug":"senatoriales-2017-dans-le-puy-de-dome","status":"publish","type":"post","link":"https:\/\/flavienneuvy.fr\/index.php\/2017\/09\/25\/senatoriales-2017-dans-le-puy-de-dome\/","title":{"rendered":"S\u00e9natoriales 2017 dans le Puy-de-D\u00f4me."},"content":{"rendered":"<p>J&rsquo;ai eu l&rsquo;occasion de f\u00e9liciter d\u00e8s hier les candidats \u00e9lus s\u00e9nateurs dans le Puy-de-D\u00f4me. L&rsquo;ensemble des \u00e9lus locaux attendent d&rsquo;eux qu&rsquo;ils d\u00e9fendent les collectivit\u00e9s territoriales qui ont subi de multiples changements institutionnels ces derni\u00e8res ann\u00e9es et un choc financier sans pr\u00e9c\u00e9dent. je suis s\u00fbr que nous pouvons compter sur eux. Ils resteront, j&rsquo;en suis certain, \u00e0 l&rsquo;\u00e9coute de l&rsquo;ensemble des \u00e9lus.<\/p>\n<p>La liste UDI que j&rsquo;ai eu le plaisir et l&rsquo;honneur de conduire \u00e0 rassembl\u00e9 un peu plus de 5% des voix. Ce r\u00e9sultat est tr\u00e8s encourageant. Notre candidature a \u00e9t\u00e9 d\u00e9pos\u00e9e 15 jours avant l&rsquo;\u00e9lection, la campagne a \u00e9t\u00e9 tr\u00e8s courte et je suis peu connu des maires des communes rurales. Malgr\u00e9 tout, notre liste est arriv\u00e9e 5\u00e8me. C&rsquo;est prometteur pour l&rsquo;avenir \ud83d\ude42 D\u00e9termin\u00e9. <\/p>\n","protected":false},"excerpt":{"rendered":"<p>J&rsquo;ai eu l&rsquo;occasion de f\u00e9liciter d\u00e8s hier les candidats \u00e9lus s\u00e9nateurs dans le Puy-de-D\u00f4me. L&rsquo;ensemble des \u00e9lus locaux attendent d&rsquo;eux qu&rsquo;ils d\u00e9fendent les collectivit\u00e9s territoriales qui ont subi de multiples changements institutionnels ces derni\u00e8res ann\u00e9es et un choc financier sans pr\u00e9c\u00e9dent. je suis s\u00fbr que nous pouvons compter sur eux. Ils resteront, j&rsquo;en suis certain,&nbsp;<\/p>\n<p><a class=\"btn btn-style\" href=\"https:\/\/flavienneuvy.fr\/index.php\/2017\/09\/25\/senatoriales-2017-dans-le-puy-de-dome\/\">Continuer la lecture&#8230;<\/a><\/p>\n","protected":false},"author":1,"featured_media":0,"comment_status":"open","ping_status":"open","sticky":false,"template":"","format":"standard","meta":[],"categories":[1],"tags":[],"_links":{"self":[{"href":"https:\/\/flavienneuvy.fr\/index.php\/wp-json\/wp\/v2\/posts\/1808"}],"collection":[{"href":"https:\/\/flavienneuvy.fr\/index.php\/wp-json\/wp\/v2\/posts"}],"about":[{"href":"https:\/\/flavienneuvy.fr\/index.php\/wp-json\/wp\/v2\/types\/post"}],"author":[{"embeddable":true,"href":"https:\/\/flavienneuvy.fr\/index.php\/wp-json\/wp\/v2\/users\/1"}],"replies":[{"embeddable":true,"href":"https:\/\/flavienneuvy.fr\/index.php\/wp-json\/wp\/v2\/comments?post=1808"}],"version-history":[{"count":4,"href":"https:\/\/flavienneuvy.fr\/index.php\/wp-json\/wp\/v2\/posts\/1808\/revisions"}],"predecessor-version":[{"id":1812,"href":"https:\/\/flavienneuvy.fr\/index.php\/wp-json\/wp\/v2\/posts\/1808\/revisions\/1812"}],"wp:attachment":[{"href":"https:\/\/flavienneuvy.fr\/index.php\/wp-json\/wp\/v2\/media?parent=1808"}],"wp:term":[{"taxonomy":"category","embeddable":true,"href":"https:\/\/flavienneuvy.fr\/index.php\/wp-json\/wp\/v2\/categories?post=1808"},{"taxonomy":"post_tag","embeddable":true,"href":"https:\/\/flavienneuvy.fr\/index.php\/wp-json\/wp\/v2\/tags?post=1808"}],"curies":[{"name":"wp","href":"https:\/\/api.w.org\/{rel}","templated":true}]}}