{"id":1838,"date":"2018-01-03T22:46:37","date_gmt":"2018-01-03T21:46:37","guid":{"rendered":"http:\/\/flavienneuvy.fr\/?p=1838"},"modified":"2018-01-04T18:05:39","modified_gmt":"2018-01-04T17:05:39","slug":"flavien-neuvy-invite-de-lemission-c-a-dire-sur-france-5","status":"publish","type":"post","link":"https:\/\/flavienneuvy.fr\/index.php\/2018\/01\/03\/flavien-neuvy-invite-de-lemission-c-a-dire-sur-france-5\/","title":{"rendered":"Flavien Neuvy invit\u00e9 de l&rsquo;\u00e9mission C \u00e0 dire ?! sur France 5"},"content":{"rendered":"<p>Vous pouvez retrouver l&rsquo;\u00e9mission C \u00e0 dire sur France 5 dans laquelle j&rsquo;\u00e9tais interview\u00e9 par Axel de Tarl\u00e9.<\/p>\n","protected":false},"excerpt":{"rendered":"<p>Vous pouvez retrouver l&rsquo;\u00e9mission C \u00e0 dire sur France 5 dans laquelle j&rsquo;\u00e9tais interview\u00e9 par Axel de Tarl\u00e9.<\/p>\n","protected":false},"author":1,"featured_media":0,"comment_status":"open","ping_status":"open","sticky":false,"template":"","format":"video","meta":[],"categories":[2,3],"tags":[],"_links":{"self":[{"href":"https:\/\/flavienneuvy.fr\/index.php\/wp-json\/wp\/v2\/posts\/1838"}],"collection":[{"href":"https:\/\/flavienneuvy.fr\/index.php\/wp-json\/wp\/v2\/posts"}],"about":[{"href":"https:\/\/flavienneuvy.fr\/index.php\/wp-json\/wp\/v2\/types\/post"}],"author":[{"embeddable":true,"href":"https:\/\/flavienneuvy.fr\/index.php\/wp-json\/wp\/v2\/users\/1"}],"replies":[{"embeddable":true,"href":"https:\/\/flavienneuvy.fr\/index.php\/wp-json\/wp\/v2\/comments?post=1838"}],"version-history":[{"count":7,"href":"https:\/\/flavienneuvy.fr\/index.php\/wp-json\/wp\/v2\/posts\/1838\/revisions"}],"predecessor-version":[{"id":1841,"href":"https:\/\/flavienneuvy.fr\/index.php\/wp-json\/wp\/v2\/posts\/1838\/revisions\/1841"}],"wp:attachment":[{"href":"https:\/\/flavienneuvy.fr\/index.php\/wp-json\/wp\/v2\/media?parent=1838"}],"wp:term":[{"taxonomy":"category","embeddable":true,"href":"https:\/\/flavienneuvy.fr\/index.php\/wp-json\/wp\/v2\/categories?post=1838"},{"taxonomy":"post_tag","embeddable":true,"href":"https:\/\/flavienneuvy.fr\/index.php\/wp-json\/wp\/v2\/tags?post=1838"}],"curies":[{"name":"wp","href":"https:\/\/api.w.org\/{rel}","templated":true}]}}