{"id":188,"date":"2013-01-23T20:09:01","date_gmt":"2013-01-23T19:09:01","guid":{"rendered":"http:\/\/flavienneuvy.fr\/index.php\/2013\/01\/23\/une-entree-en-recession-de-la-france-de-plus-en-plus-probable\/"},"modified":"2013-01-23T20:09:01","modified_gmt":"2013-01-23T19:09:01","slug":"une-entree-en-recession-de-la-france-de-plus-en-plus-probable","status":"publish","type":"post","link":"https:\/\/flavienneuvy.fr\/index.php\/2013\/01\/23\/une-entree-en-recession-de-la-france-de-plus-en-plus-probable\/","title":{"rendered":"Une entr\u00e9e en r\u00e9cession de la France de plus en plus probable"},"content":{"rendered":"<p style=\"text-align: justify;\">\u0084L\u2019indicateur synth\u00e9tique du climat des affaires calcul\u00e9 par l\u2019INSEE est rest\u00e9 stable en janvier (87). Cette stabilit\u00e9 de l\u2019indicateur composite confirme la grande faiblesse de l&#39;activit\u00e9 \u00e9conomique en ce d\u00e9but d&#39;ann\u00e9e. Dans l\u2019industrie, l\u2019indicateur du climat des affaires recule fortement (-3 points). Par ailleurs, le jugement sur les ventes pr\u00e9vues dans le commerce de d\u00e9tail chute de 10 points, c&#39;est un mauvais signe. A l\u2019inverse, les services enregistrent une progression. L&#39;indicateur du climat des affaires un bon indicateur avanc\u00e9 de la croissance \u00e9conomique. A 87, il se situe tr\u00e8s loin de sa moyenne historique (100). Le niveau moyen du quatri\u00e8me trimestre 2012 (86), laisse penser que l&#39;activit\u00e9 s&#39;est contract\u00e9e. Il en va de m\u00eame en ce d\u00e9but d&#39;ann\u00e9e et la probabilit\u00e9 que notre pays entre en r\u00e9cession en 2013 est assez forte. <\/p>\n","protected":false},"excerpt":{"rendered":"<p>\u0084L\u2019indicateur synth\u00e9tique du climat des affaires calcul\u00e9 par l\u2019INSEE est rest\u00e9 stable en janvier (87). Cette stabilit\u00e9 de l\u2019indicateur composite confirme la grande faiblesse de l&#39;activit\u00e9 \u00e9conomique en ce d\u00e9but d&#39;ann\u00e9e. Dans l\u2019industrie, l\u2019indicateur du climat des affaires recule fortement (-3 points). Par ailleurs, le jugement sur les ventes pr\u00e9vues dans le commerce de d\u00e9tail&nbsp;<\/p>\n<p><a class=\"btn btn-style\" href=\"https:\/\/flavienneuvy.fr\/index.php\/2013\/01\/23\/une-entree-en-recession-de-la-france-de-plus-en-plus-probable\/\">Continuer la lecture&#8230;<\/a><\/p>\n","protected":false},"author":1,"featured_media":0,"comment_status":"open","ping_status":"open","sticky":false,"template":"","format":"standard","meta":[],"categories":[2,3],"tags":[13],"_links":{"self":[{"href":"https:\/\/flavienneuvy.fr\/index.php\/wp-json\/wp\/v2\/posts\/188"}],"collection":[{"href":"https:\/\/flavienneuvy.fr\/index.php\/wp-json\/wp\/v2\/posts"}],"about":[{"href":"https:\/\/flavienneuvy.fr\/index.php\/wp-json\/wp\/v2\/types\/post"}],"author":[{"embeddable":true,"href":"https:\/\/flavienneuvy.fr\/index.php\/wp-json\/wp\/v2\/users\/1"}],"replies":[{"embeddable":true,"href":"https:\/\/flavienneuvy.fr\/index.php\/wp-json\/wp\/v2\/comments?post=188"}],"version-history":[{"count":0,"href":"https:\/\/flavienneuvy.fr\/index.php\/wp-json\/wp\/v2\/posts\/188\/revisions"}],"wp:attachment":[{"href":"https:\/\/flavienneuvy.fr\/index.php\/wp-json\/wp\/v2\/media?parent=188"}],"wp:term":[{"taxonomy":"category","embeddable":true,"href":"https:\/\/flavienneuvy.fr\/index.php\/wp-json\/wp\/v2\/categories?post=188"},{"taxonomy":"post_tag","embeddable":true,"href":"https:\/\/flavienneuvy.fr\/index.php\/wp-json\/wp\/v2\/tags?post=188"}],"curies":[{"name":"wp","href":"https:\/\/api.w.org\/{rel}","templated":true}]}}