{"id":1882,"date":"2018-03-24T09:35:58","date_gmt":"2018-03-24T08:35:58","guid":{"rendered":"http:\/\/flavienneuvy.fr\/?p=1882"},"modified":"2018-03-24T09:35:58","modified_gmt":"2018-03-24T08:35:58","slug":"la-menace-terroriste-encore-toujours-et-pour-longtemps","status":"publish","type":"post","link":"https:\/\/flavienneuvy.fr\/index.php\/2018\/03\/24\/la-menace-terroriste-encore-toujours-et-pour-longtemps\/","title":{"rendered":"La menace terroriste encore, toujours et pour longtemps."},"content":{"rendered":"<p>Les attaques terroristes de l&rsquo;Aude rappellent \u00e0 tous que la menace terroriste est toujours aussi forte. Plusieurs enseignements sont \u00e0 retenir. D&rsquo;abord, il faut noter qu&rsquo;un supermarch\u00e9 d&rsquo;une ville de 5000 habitants a \u00e9t\u00e9 vis\u00e9. Cela confirme bien le fait que <strong>la menace est globale, <\/strong>sur tout le territoire et qu&rsquo;il n&rsquo;y a pas que les grandes villes qui sont cibl\u00e9es. Ensuite, <strong>le mode op\u00e9ratoire est toujours aussi difficile \u00e0 anticiper<\/strong> : un homme seul passe \u00e0 l&rsquo;acte. M\u00eame arm\u00e9 d&rsquo;un simple couteau, un homme seul peut faire de nombreuses victimes. Enfin, ce nouvel attentat nous prouve, si besoin \u00e9tait, que la menace reste tr\u00e8s \u00e9lev\u00e9e et qu&rsquo;elle est durable. En effet, le nombre de personnes identifi\u00e9es comme \u00e9tant radicalis\u00e9es est \u00e9norme. Le risque est \u00e9norme. <strong>Je ne vais pas revenir sur les moyens que nous nous donnons face \u00e0 cette menace, <a href=\"http:\/\/flavienneuvy.fr\/index.php\/2015\/11\/14\/attentats-de-paris-nous-devons-changer-notre-systeme-de-defense\/\">je l&rsquo;ai d\u00e9j\u00e0 \u00e9voqu\u00e9 par le pass\u00e9<\/a>, mais nous sommes loin du compte<\/strong>.<\/p>\n<p>Pour finir, <strong>je veux rendre hommage au\u00a0lieutenant-colonel de gendarmerie Arnaud Beltrame<\/strong> qui a sacrifi\u00e9 sa vie pour sauver une otage. Le sacrifice ultime pour sauver une vie humaine. Monsieur Beltrame a fait honneur \u00e0 la gendarmerie, \u00e0 nos armes, \u00e0 la nation. Il m\u00e9rite tout notre respect. Je pense \u00e0 lui, \u00e0 sa femme et \u00e0 toute sa famille.<\/p>\n<p><img decoding=\"async\" loading=\"lazy\" class=\"alignnone size-medium wp-image-1883\" src=\"http:\/\/flavienneuvy.fr\/wp-content\/uploads\/2018\/03\/DZBxHdqWkAEdeMe-300x168.jpg\" alt=\"\" width=\"300\" height=\"168\" srcset=\"https:\/\/flavienneuvy.fr\/wp-content\/uploads\/2018\/03\/DZBxHdqWkAEdeMe-300x168.jpg 300w, https:\/\/flavienneuvy.fr\/wp-content\/uploads\/2018\/03\/DZBxHdqWkAEdeMe-768x430.jpg 768w, https:\/\/flavienneuvy.fr\/wp-content\/uploads\/2018\/03\/DZBxHdqWkAEdeMe-1024x573.jpg 1024w, https:\/\/flavienneuvy.fr\/wp-content\/uploads\/2018\/03\/DZBxHdqWkAEdeMe.jpg 1199w\" sizes=\"(max-width: 300px) 100vw, 300px\" \/><\/p>\n","protected":false},"excerpt":{"rendered":"<p>Les attaques terroristes de l&rsquo;Aude rappellent \u00e0 tous que la menace terroriste est toujours aussi forte. Plusieurs enseignements sont \u00e0 retenir. D&rsquo;abord, il faut noter qu&rsquo;un supermarch\u00e9 d&rsquo;une ville de 5000 habitants a \u00e9t\u00e9 vis\u00e9. Cela confirme bien le fait que la menace est globale, sur tout le territoire et qu&rsquo;il n&rsquo;y a pas que&nbsp;<\/p>\n<p><a class=\"btn btn-style\" href=\"https:\/\/flavienneuvy.fr\/index.php\/2018\/03\/24\/la-menace-terroriste-encore-toujours-et-pour-longtemps\/\">Continuer la lecture&#8230;<\/a><\/p>\n","protected":false},"author":1,"featured_media":0,"comment_status":"open","ping_status":"open","sticky":false,"template":"","format":"standard","meta":[],"categories":[1],"tags":[],"_links":{"self":[{"href":"https:\/\/flavienneuvy.fr\/index.php\/wp-json\/wp\/v2\/posts\/1882"}],"collection":[{"href":"https:\/\/flavienneuvy.fr\/index.php\/wp-json\/wp\/v2\/posts"}],"about":[{"href":"https:\/\/flavienneuvy.fr\/index.php\/wp-json\/wp\/v2\/types\/post"}],"author":[{"embeddable":true,"href":"https:\/\/flavienneuvy.fr\/index.php\/wp-json\/wp\/v2\/users\/1"}],"replies":[{"embeddable":true,"href":"https:\/\/flavienneuvy.fr\/index.php\/wp-json\/wp\/v2\/comments?post=1882"}],"version-history":[{"count":2,"href":"https:\/\/flavienneuvy.fr\/index.php\/wp-json\/wp\/v2\/posts\/1882\/revisions"}],"predecessor-version":[{"id":1885,"href":"https:\/\/flavienneuvy.fr\/index.php\/wp-json\/wp\/v2\/posts\/1882\/revisions\/1885"}],"wp:attachment":[{"href":"https:\/\/flavienneuvy.fr\/index.php\/wp-json\/wp\/v2\/media?parent=1882"}],"wp:term":[{"taxonomy":"category","embeddable":true,"href":"https:\/\/flavienneuvy.fr\/index.php\/wp-json\/wp\/v2\/categories?post=1882"},{"taxonomy":"post_tag","embeddable":true,"href":"https:\/\/flavienneuvy.fr\/index.php\/wp-json\/wp\/v2\/tags?post=1882"}],"curies":[{"name":"wp","href":"https:\/\/api.w.org\/{rel}","templated":true}]}}