{"id":190,"date":"2013-01-17T08:48:28","date_gmt":"2013-01-17T07:48:28","guid":{"rendered":"http:\/\/flavienneuvy.fr\/index.php\/2013\/01\/17\/laffaire-elodie-kulik-bientot-elucidee\/"},"modified":"2013-01-17T08:48:28","modified_gmt":"2013-01-17T07:48:28","slug":"laffaire-elodie-kulik-bientot-elucidee","status":"publish","type":"post","link":"https:\/\/flavienneuvy.fr\/index.php\/2013\/01\/17\/laffaire-elodie-kulik-bientot-elucidee\/","title":{"rendered":"L\u2019affaire Elodie Kulik bient\u00f4t \u00e9lucid\u00e9e"},"content":{"rendered":"<div style=\"text-align: justify;\">Les faits divers d\u00e9filent sous nos yeux. A l\u2019instant T, souvent ils suscitent un sentiment d\u2019horreur. Mais bien vite, on les oublie car le flux d\u2019information est tel  qu\u2019un fait divers chasse l\u2019autre. Mais il arrive de temps en temps qu\u2019un crime reste dans les m\u00e9moires. Le viol et le meurtre d\u2019Elodie Kulik en janvier 2002 fait partie de ceux-ci, il m\u2019a particuli\u00e8rement marqu\u00e9. Je rappelle que la jeune femme de 24 ans \u00e0 l\u2019\u00e9poque fut viol\u00e9e et assassin\u00e9e par 3 personnes dans la Somme. Avant d\u2019\u00eatre sauvagement tu\u00e9e, elle a eu le temps de passer un appel de d\u00e9tresse aux pompiers. Les enqu\u00eateurs ont indiqu\u00e9 que l\u2019enregistrement de cet appel qui a dur\u00e9 26 secondes \u00e9tait \u00ab insoutenable \u00bb. Son corps a \u00e9t\u00e9 d\u00e9couvert le 12 janvier 2002. Il a \u00e9t\u00e9 asperg\u00e9 d\u2019essence avant d\u2019\u00eatre partiellement calcin\u00e9. L\u2019horreur absolue ce crime m\u2019a profond\u00e9ment marqu\u00e9. Le fait qu\u2019\u00e0 l\u2019\u00e9poque la femme soit la plus jeune directrice d\u2019une agence bancaire n\u2019est pas \u00e9tranger au fait qu\u2019il soit rest\u00e9 dans ma m\u00e9moire. J\u2019avais 30 ans en 2002 et j\u2019allais \u00eatre nomm\u00e9 directeur d\u2019agence quelques mois plus tard.<br \/>\nLes enqu\u00eateurs de la cellule \u00ab Homicide viol banqui\u00e8re 80 \u00bb ont accompli un travail titanesque, un, travail remarquable. Ils n\u2019ont jamais baiss\u00e9 les bras et ils sont sur le point d\u2019\u00e9lucider compl\u00e8tement ce crime. 7 hommes viennent d\u2019\u00eatre interpell\u00e9s et plac\u00e9s en garde \u00e0 vue. Je pense forc\u00e9ment \u00e0 la famille d\u2019Elodie Kulik bris\u00e9e apr\u00e8s ce crime. Le fait de trouver les assassins ne la fera pas revenir mais au moins les coupables seront punis.<\/div>\n","protected":false},"excerpt":{"rendered":"<p>Les faits divers d\u00e9filent sous nos yeux. A l\u2019instant T, souvent ils suscitent un sentiment d\u2019horreur. Mais bien vite, on les oublie car le flux d\u2019information est tel qu\u2019un fait divers chasse l\u2019autre. Mais il arrive de temps en temps qu\u2019un crime reste dans les m\u00e9moires. Le viol et le meurtre d\u2019Elodie Kulik en janvier&nbsp;<\/p>\n<p><a class=\"btn btn-style\" href=\"https:\/\/flavienneuvy.fr\/index.php\/2013\/01\/17\/laffaire-elodie-kulik-bientot-elucidee\/\">Continuer la lecture&#8230;<\/a><\/p>\n","protected":false},"author":1,"featured_media":0,"comment_status":"open","ping_status":"open","sticky":false,"template":"","format":"standard","meta":[],"categories":[2],"tags":[],"_links":{"self":[{"href":"https:\/\/flavienneuvy.fr\/index.php\/wp-json\/wp\/v2\/posts\/190"}],"collection":[{"href":"https:\/\/flavienneuvy.fr\/index.php\/wp-json\/wp\/v2\/posts"}],"about":[{"href":"https:\/\/flavienneuvy.fr\/index.php\/wp-json\/wp\/v2\/types\/post"}],"author":[{"embeddable":true,"href":"https:\/\/flavienneuvy.fr\/index.php\/wp-json\/wp\/v2\/users\/1"}],"replies":[{"embeddable":true,"href":"https:\/\/flavienneuvy.fr\/index.php\/wp-json\/wp\/v2\/comments?post=190"}],"version-history":[{"count":0,"href":"https:\/\/flavienneuvy.fr\/index.php\/wp-json\/wp\/v2\/posts\/190\/revisions"}],"wp:attachment":[{"href":"https:\/\/flavienneuvy.fr\/index.php\/wp-json\/wp\/v2\/media?parent=190"}],"wp:term":[{"taxonomy":"category","embeddable":true,"href":"https:\/\/flavienneuvy.fr\/index.php\/wp-json\/wp\/v2\/categories?post=190"},{"taxonomy":"post_tag","embeddable":true,"href":"https:\/\/flavienneuvy.fr\/index.php\/wp-json\/wp\/v2\/tags?post=190"}],"curies":[{"name":"wp","href":"https:\/\/api.w.org\/{rel}","templated":true}]}}