{"id":1926,"date":"2018-07-21T17:05:57","date_gmt":"2018-07-21T16:05:57","guid":{"rendered":"http:\/\/flavienneuvy.fr\/?p=1926"},"modified":"2018-07-21T17:09:11","modified_gmt":"2018-07-21T16:09:11","slug":"affaire-benalla-gerard-collomb-le-fusible","status":"publish","type":"post","link":"https:\/\/flavienneuvy.fr\/index.php\/2018\/07\/21\/affaire-benalla-gerard-collomb-le-fusible\/","title":{"rendered":"Affaire Benalla : G\u00e9rard Collomb, le fusible ?"},"content":{"rendered":"<p>C&rsquo;est le premier vrai scandale auquel est confront\u00e9 le pr\u00e9sident de la R\u00e9publique. L&rsquo;affaire Benalla vient de surgir en pleine torpeur estivale, de fa\u00e7on aussi inattendue que violente pour une majorit\u00e9 qui avait r\u00e9ussi jusqu&rsquo;\u00e0 pr\u00e9sent \u00e0 \u00e9viter les gros p\u00e9pins.<\/p>\n<p>Sur le fond et sur la forme, l&rsquo;ex\u00e9cutif a tout faux et donne un angle d&rsquo;attaque inesp\u00e9r\u00e9 \u00e0 une opposition qui n&rsquo;en demandait pas tant.<\/p>\n<p><strong>Le fond. <\/strong><\/p>\n<p>Sur le fond, la justice est saisie, elle enqu\u00eate et il faut attendre qu&rsquo;elle fasse son chemin. Toujours sur le fond, il para\u00eet invraisemblable que le pr\u00e9sident de la R\u00e9publique ait pu s&rsquo;entourer d&rsquo;un individu aussi peu recommandable. Il fut, par exemple, licenci\u00e9 par Arnaud Montebourg apr\u00e8s avoir provoqu\u00e9 un accident de la route et avoir voulu prendre la fuite. Toujours sur le fond, les conditions mat\u00e9rielle dont b\u00e9n\u00e9ficiait Monsieur Benalla sont sid\u00e9rantes : voiture avec gyrophare, logement de fonction quai Branly, salaire tr\u00e8s \u00e9lev\u00e9. M\u00eame si ses fonctions \u00e9taient importantes, tout cela para\u00eet disproportionn\u00e9. Surtout lorsqu&rsquo;il s&rsquo;agit de quelqu&rsquo;un qui est connu pour avoir des comportements de <a href=\"http:\/\/www.lepoint.fr\/politique\/affaire-benalla-la-presse-fustige-le-rambo-et-le-mutique-de-l-elysee-21-07-2018-2238035_20.php\">\u00ab\u00a0Rambo\u00a0\u00bb<\/a> pour une expression utilis\u00e9e par des policiers qui ont travaill\u00e9 avec lui.<\/p>\n<p>&nbsp;<\/p>\n<p><strong>La forme.<\/strong><\/p>\n<p>Sur la forme, la gestion de la crise a \u00e9t\u00e9 calamiteuse. Il para\u00eet de plus en plus clair que le pr\u00e9sident de la R\u00e9publique a voulu prot\u00e9ger Benalla. Les explications apport\u00e9es par le porte parole de la pr\u00e9sidence, Bruno Roger Petit, sont fausses. En effet, ce dernier a d\u00e9clar\u00e9 lors d&rsquo;un point presse que Monsieur Benalla avait \u00e9t\u00e9 \u00ab\u00a0d\u00e9mis de ses fonctions en mati\u00e8re d&rsquo;organisation de la s\u00e9curit\u00e9 des d\u00e9placements du pr\u00e9sident\u00a0\u00bb avant d&rsquo;ajouter que, depuis,\u00a0\u00bbil s\u2019est uniquement occup\u00e9 d\u2019organiser des \u00e9v\u00e9nements au Palais, \u00e0 l\u2019exception de deux gros \u00e9v\u00e9nements: la panth\u00e9onisation de Simone Veil et la r\u00e9ception des Bleus\u00a0\u00bb. Or on a appris qu&rsquo;Alexandre Benalla \u00e9tait bien en d\u00e9placement avec Emmanuel Macron <a href=\"http:\/\/www.lefigaro.fr\/actualite-france\/2018\/07\/20\/01016-20180720ARTFIG00357-affaire-benalla-ces-photos-qui-infirment-la-version-de-l-elysee.php\">les 13 et 14 juillet<\/a>\u00a0et qu&rsquo;il devait s&rsquo;occuper de la s\u00e9curit\u00e9 du couple pr\u00e9sidentiel \u00e0 <a href=\"http:\/\/www.lepoint.fr\/politique\/info-lepoint-fr-alexandre-benalla-devait-diriger-la-securite-presidentielle-a-bregancon-cet-ete-21-07-2018-2238018_20.php\">Br\u00e9gan\u00e7on<\/a>. En clair, c&rsquo;est un mensonge pur avanc\u00e9 par le porte parole de l&rsquo;Elys\u00e9e. Un naufrage en mati\u00e8re de communication.<\/p>\n<p>Par ailleurs, tout indique que le pr\u00e9sident de la R\u00e9publique et le ministre \u00e9taient parfaitement inform\u00e9s du comportement du Rambo de l&rsquo;Elys\u00e9e le 1er Mai et, de toute \u00e9vidence, les sanctions prises n&rsquo;\u00e9taient pas \u00e0 la hauteur.<\/p>\n<p><strong>La sortie de crise.<\/strong><\/p>\n<p>La sortie de crise passe par une prise de parole d&rsquo;Emmanuel Macron. Il doit s&rsquo;expliquer. Mais ses explications et le licenciement de Monsieur Benalla ne suffiront pas. <strong>J&rsquo;ai l&rsquo;impression que les jours de G\u00e9rard Collomb place Beauvau sont compt\u00e9s<\/strong>. Son audition lundi matin sera cruciale.<\/p>\n<p><strong>La le\u00e7on.<\/strong><\/p>\n<p>Pour le pr\u00e9sident de la R\u00e9publique et la majorit\u00e9 pr\u00e9sidentielle c&rsquo;est un s\u00e9v\u00e8re rappel \u00e0 l&rsquo;ordre. Un brutal retour \u00e0 la r\u00e9alit\u00e9. Ce qui leur fait le plus mal c&rsquo;est qu&rsquo;ils sont pris \u00e0 leur propre pi\u00e8ge de ce fameux \u00ab\u00a0ancien\u00a0\u00bb et \u00ab\u00a0nouveau\u00a0\u00bb monde politique. Oui vous savez, la majorit\u00e9 donneuse de le\u00e7ons sur beaucoup de points et qui pr\u00e9tendait \u00ab\u00a0moraliser\u00a0\u00bb la vie publique. Avant de donner des le\u00e7ons, on essaye d&rsquo;\u00eatre irr\u00e9prochable. <strong>Emmanuel Macron a p\u00each\u00e9 par exc\u00e8s de suffisance<\/strong>. Trop s\u00fbr de lui. Mais \u00e9tait-ce \u00e9vitable pour quelqu&rsquo;un qui a r\u00e9ussi \u00e0 devenir pr\u00e9sident de la R\u00e9publique \u00e0 moins de 40 ans, sans l&rsquo;appui d&rsquo;un parti politique et en obtenant une large majorit\u00e9 \u00e0 l&rsquo;Assembl\u00e9e nationale ?<\/p>\n","protected":false},"excerpt":{"rendered":"<p>C&rsquo;est le premier vrai scandale auquel est confront\u00e9 le pr\u00e9sident de la R\u00e9publique. L&rsquo;affaire Benalla vient de surgir en pleine torpeur estivale, de fa\u00e7on aussi inattendue que violente pour une majorit\u00e9 qui avait r\u00e9ussi jusqu&rsquo;\u00e0 pr\u00e9sent \u00e0 \u00e9viter les gros p\u00e9pins. Sur le fond et sur la forme, l&rsquo;ex\u00e9cutif a tout faux et donne un&nbsp;<\/p>\n<p><a class=\"btn btn-style\" href=\"https:\/\/flavienneuvy.fr\/index.php\/2018\/07\/21\/affaire-benalla-gerard-collomb-le-fusible\/\">Continuer la lecture&#8230;<\/a><\/p>\n","protected":false},"author":1,"featured_media":0,"comment_status":"open","ping_status":"open","sticky":false,"template":"","format":"standard","meta":[],"categories":[2],"tags":[],"_links":{"self":[{"href":"https:\/\/flavienneuvy.fr\/index.php\/wp-json\/wp\/v2\/posts\/1926"}],"collection":[{"href":"https:\/\/flavienneuvy.fr\/index.php\/wp-json\/wp\/v2\/posts"}],"about":[{"href":"https:\/\/flavienneuvy.fr\/index.php\/wp-json\/wp\/v2\/types\/post"}],"author":[{"embeddable":true,"href":"https:\/\/flavienneuvy.fr\/index.php\/wp-json\/wp\/v2\/users\/1"}],"replies":[{"embeddable":true,"href":"https:\/\/flavienneuvy.fr\/index.php\/wp-json\/wp\/v2\/comments?post=1926"}],"version-history":[{"count":3,"href":"https:\/\/flavienneuvy.fr\/index.php\/wp-json\/wp\/v2\/posts\/1926\/revisions"}],"predecessor-version":[{"id":1929,"href":"https:\/\/flavienneuvy.fr\/index.php\/wp-json\/wp\/v2\/posts\/1926\/revisions\/1929"}],"wp:attachment":[{"href":"https:\/\/flavienneuvy.fr\/index.php\/wp-json\/wp\/v2\/media?parent=1926"}],"wp:term":[{"taxonomy":"category","embeddable":true,"href":"https:\/\/flavienneuvy.fr\/index.php\/wp-json\/wp\/v2\/categories?post=1926"},{"taxonomy":"post_tag","embeddable":true,"href":"https:\/\/flavienneuvy.fr\/index.php\/wp-json\/wp\/v2\/tags?post=1926"}],"curies":[{"name":"wp","href":"https:\/\/api.w.org\/{rel}","templated":true}]}}