{"id":1937,"date":"2018-10-17T21:00:51","date_gmt":"2018-10-17T20:00:51","guid":{"rendered":"http:\/\/flavienneuvy.fr\/?p=1937"},"modified":"2018-10-17T21:06:20","modified_gmt":"2018-10-17T20:06:20","slug":"pour-bien-comprendre-le-danger-melenchon","status":"publish","type":"post","link":"https:\/\/flavienneuvy.fr\/index.php\/2018\/10\/17\/pour-bien-comprendre-le-danger-melenchon\/","title":{"rendered":"Pour bien comprendre le danger M\u00e9lenchon"},"content":{"rendered":"<p>Jean-Luc M\u00e9lenchon est tr\u00e8s sympathique. Oui, il faut le remercier. Par moment, il \u00ab\u00a0p\u00e8te les plombs\u00a0\u00bb et permet aux Fran\u00e7ais de bien comprendre que c&rsquo;est un homme dangereux et que son \u00e9ventuelle accession au pouvoir serait un d\u00e9sastre pour le pays. Merci camarade Jean-Luc car cette fois, les images choquantes film\u00e9es le jour des perquisitions vont durablement nuire \u00e0 ton image.<\/p>\n<p>Heureusement qu&rsquo;il disjoncte de temps en temps car c&rsquo;est un homme politique redoutable. Tr\u00e8s bon tribun, homme cultiv\u00e9 avec une id\u00e9ologie tr\u00e8s claire, Jean-Luc M\u00e9lenchon se distingue nettement dans le paysage politique national.<\/p>\n<p>Ce qui est redoutable chez la France insoumise, c&rsquo;est la rh\u00e9torique. Je connais par c\u0153ur cette m\u00e9canique utilis\u00e9e par l&rsquo;extr\u00eame gauche. Il faut dire qu&rsquo;apr\u00e8s avoir v\u00e9cu 18 ans dans des r\u00e9gimes marxistes, j&rsquo;ai une exp\u00e9rience assez solide des m\u00e9canismes qui conduisent syst\u00e9matiquement les r\u00e9gimes communistes dans le mur. Je me suis beaucoup int\u00e9ress\u00e9 \u00e0 l&rsquo;histoire du communisme. Je ne peux que recommander la lecture de quelques livres \u00e9clairants sur le sujet. Le pass\u00e9 d&rsquo;une illusion, essai sur l&rsquo;id\u00e9e communiste au XX\u00e8me si\u00e8cle de l&rsquo;historien Fran\u00e7ois Furet. A lire \u00e9galement l&rsquo;in\u00e9vitable Communisme et totalitarisme du grand historien St\u00e9phane Courtois. Un livre majeur \u00e0 yeux : La grande\u00a0 parade, essai sur la survie de l&rsquo;utopie socialiste du regrett\u00e9 Jean-Fran\u00e7ois Revel. Et puis comment ne pas citer Le livre noir du communisme ? <strong>Il y a beaucoup d&rsquo;autres ouvrages tr\u00e8s document\u00e9s sur le communisme et les m\u00e9canismes qui le conduisent in\u00e9vitablement \u00e0 ce double r\u00e9sultat : l&rsquo;\u00e9chec et le totalitarisme.<\/strong><\/p>\n<p>Derri\u00e8re les belles paroles, les belles promesses et les belles intentions se cache l&rsquo;enfer. La m\u00e9canique est toujours la m\u00eame. Notons que l&rsquo;accession au pouvoir peut se faire par l&rsquo;interm\u00e9diaire d&rsquo;un coup d&rsquo;Etat ou par les urnes. Les deux sont possibles. Logiquement, une fois au pouvoir, l&rsquo;extr\u00eame gauche met en application son programme. L&rsquo;\u00e9tatisation massive de l&rsquo;\u00e9conomie via des nationalisations ou des expropriations se met en place. Des concepts sympathiques sur le papier mais compl\u00e8tement d\u00e9connect\u00e9s de la r\u00e9alit\u00e9 se mettent en route, souvent pour le pire. <strong>La \u00ab\u00a0planification \u00e9cologique\u00a0\u00bb port\u00e9e par M\u00e9lenchon fait partie de ces absurdit\u00e9s totales<\/strong>. Elle conduirait \u00e0 une hausse vertigineuse des produits alimentaires et\/ou \u00e0 des p\u00e9nuries massives.<\/p>\n<p>Les difficult\u00e9s et le fiasco arrivent en g\u00e9n\u00e9ral assez vite. Bien s\u00fbr, face \u00e0 l&rsquo;\u00e9chec, le pouvoir d&rsquo;extr\u00eame gauche cherche des coupables. Forc\u00e9ment puisque l&rsquo;\u00e9chec ne peut pas venir de lui et de ses d\u00e9cisions politiques ineptes. Alors il cherche des coupables. Les m\u00e9dias et les journalistes ind\u00e9pendants\u00a0 sont des cibles privil\u00e9gi\u00e9es. On leur reproche de ne pas porter la parole du pouvoir, ou d&rsquo;\u00eatre critiques et de d\u00e9tourner la mobilisation des masses populaires. Le patronat est accus\u00e9 de saboter le processus r\u00e9volutionnaire de m\u00eame que la \u00ab\u00a0bourgeoisie\u00a0\u00bb. Il faut mettre hors d&rsquo;\u00e9tat de nuire ces \u00ab\u00a0ennemis du peuple\u00a0\u00bb.\u00a0 Ainsi, petit \u00e0 petit, les libert\u00e9s disparaissent et le r\u00e9gime devient au mieux autoritaire, au pire totalitaire.<\/p>\n<p>Tout s&rsquo;est toujours pass\u00e9 ainsi. Le Venezuela et sa R\u00e9volution bolivarienne si inspirante pour Jean-Luc M\u00e9lenchon en est un parfait exemple.<\/p>\n<p>&nbsp;<\/p>\n","protected":false},"excerpt":{"rendered":"<p>Jean-Luc M\u00e9lenchon est tr\u00e8s sympathique. Oui, il faut le remercier. Par moment, il \u00ab\u00a0p\u00e8te les plombs\u00a0\u00bb et permet aux Fran\u00e7ais de bien comprendre que c&rsquo;est un homme dangereux et que son \u00e9ventuelle accession au pouvoir serait un d\u00e9sastre pour le pays. Merci camarade Jean-Luc car cette fois, les images choquantes film\u00e9es le jour des perquisitions&nbsp;<\/p>\n<p><a class=\"btn btn-style\" href=\"https:\/\/flavienneuvy.fr\/index.php\/2018\/10\/17\/pour-bien-comprendre-le-danger-melenchon\/\">Continuer la lecture&#8230;<\/a><\/p>\n","protected":false},"author":1,"featured_media":0,"comment_status":"open","ping_status":"open","sticky":false,"template":"","format":"standard","meta":[],"categories":[1,124],"tags":[],"_links":{"self":[{"href":"https:\/\/flavienneuvy.fr\/index.php\/wp-json\/wp\/v2\/posts\/1937"}],"collection":[{"href":"https:\/\/flavienneuvy.fr\/index.php\/wp-json\/wp\/v2\/posts"}],"about":[{"href":"https:\/\/flavienneuvy.fr\/index.php\/wp-json\/wp\/v2\/types\/post"}],"author":[{"embeddable":true,"href":"https:\/\/flavienneuvy.fr\/index.php\/wp-json\/wp\/v2\/users\/1"}],"replies":[{"embeddable":true,"href":"https:\/\/flavienneuvy.fr\/index.php\/wp-json\/wp\/v2\/comments?post=1937"}],"version-history":[{"count":3,"href":"https:\/\/flavienneuvy.fr\/index.php\/wp-json\/wp\/v2\/posts\/1937\/revisions"}],"predecessor-version":[{"id":1940,"href":"https:\/\/flavienneuvy.fr\/index.php\/wp-json\/wp\/v2\/posts\/1937\/revisions\/1940"}],"wp:attachment":[{"href":"https:\/\/flavienneuvy.fr\/index.php\/wp-json\/wp\/v2\/media?parent=1937"}],"wp:term":[{"taxonomy":"category","embeddable":true,"href":"https:\/\/flavienneuvy.fr\/index.php\/wp-json\/wp\/v2\/categories?post=1937"},{"taxonomy":"post_tag","embeddable":true,"href":"https:\/\/flavienneuvy.fr\/index.php\/wp-json\/wp\/v2\/tags?post=1937"}],"curies":[{"name":"wp","href":"https:\/\/api.w.org\/{rel}","templated":true}]}}