{"id":2007,"date":"2019-03-05T19:03:29","date_gmt":"2019-03-05T18:03:29","guid":{"rendered":"http:\/\/flavienneuvy.fr\/?p=2007"},"modified":"2019-03-05T19:05:50","modified_gmt":"2019-03-05T18:05:50","slug":"la-constructeurs-automobiles-ont-perdu-la-bataille-de-lopinion","status":"publish","type":"post","link":"https:\/\/flavienneuvy.fr\/index.php\/2019\/03\/05\/la-constructeurs-automobiles-ont-perdu-la-bataille-de-lopinion\/","title":{"rendered":"La constructeurs automobiles ont perdu la bataille de l&rsquo;opinion"},"content":{"rendered":"<p>Le dirigeant de PSA, Carlos Tavares a accord\u00e9 une interview sans langue de bois au Figaro lundi. Un entretien tr\u00e8s int\u00e9ressant men\u00e9 par la journaliste Bertille Bayart. Carlos Tavares explique clairement les menaces qui p\u00e8sent sur le secteur automobile apr\u00e8s les d\u00e9cisions prises par le Parlement europ\u00e9en (<a href=\"https:\/\/www.capital.fr\/economie-politique\/le-parlement-europeen-veut-reduire-de-40-les-emissions-de-co2-des-voitures-1309500\">les v\u00e9hicules l\u00e9gers neufs devront r\u00e9duire leurs \u00e9missions de CO2 de 40% d&rsquo;ici 2030<\/a>). Le secteur qui emploie 13 millions de personnes en Europe ne sortira pas indemne de ces choix qui vont obliger les constructeurs \u00e0 vendre beaucoup, beaucoup de voitures \u00e9lectriques. Je passe vite sur le fait que pour le moment, les automobilistes restent dubitatifs vis-\u00e0-vis du v\u00e9hicule \u00e9lectrique.<\/p>\n<p>Bien s\u00fbr, ces normes sont impos\u00e9es au nom de la protection de l&rsquo;environnement et de la lutte contre le r\u00e9chauffement climatique. Carlos Tavares pointe, \u00e0 juste titre, que la voiture \u00e9lectrique pr\u00e9sente des avantages mais aussi des inconv\u00e9nients de ce point de vue. Son bilan carbone d\u00e9pend, par exemple, de la fa\u00e7on dont l&rsquo;\u00e9lectricit\u00e9 est produite. Une \u00e9lectricit\u00e9 fortement carbon\u00e9e impacte n\u00e9gativement l&rsquo;utilisation d&rsquo;une voiture \u00e9lectrique.<\/p>\n<p>Se pose par ailleurs la question de l&rsquo;extraction des m\u00e9taux rares mais aussi celle du recyclage des batteries. Carlos Tavares est surpris que tous ces \u00e9l\u00e9ments ne soient pas plus pris en compte dans les choix des politiques publiques concernant l&rsquo;industrie automobile.<\/p>\n<p>En r\u00e9alit\u00e9 la r\u00e9ponse est simple : les constructeurs ont perdu la bataille de l&rsquo;opinion pour d\u00e9fendre (un peu) le moteur thermique parce-qu&rsquo;ils ne l&rsquo;ont pas men\u00e9e. A de multiples reprises, j&rsquo;ai particip\u00e9 \u00e0 des d\u00e9bats (radios, t\u00e9l\u00e9s) dans lesquels ni Renault, ni PSA n&rsquo;\u00e9taient repr\u00e9sent\u00e9s. Par contre il y avait toujours un \u00e9lu \u00e9cologiste et un repr\u00e9sentant d&rsquo;une association environnementale. Bien s\u00fbr, Fran\u00e7ois Roudier du CCFA r\u00e9pond pr\u00e9sent autant que possible. Mais seul, il ne peut pas tout. Apr\u00e8s le dieselgate, les constructeurs ont pr\u00e9f\u00e9r\u00e9 faire profil bas et ils ne sont jamais pr\u00e9sents dans les \u00e9missions dans lesquelles on parle de voiture. C&rsquo;est une erreur car les politiques publiques sont calqu\u00e9es sur ce que veut l&rsquo;opinion. Or la bataille de l&rsquo;opinion, elle se m\u00e8ne dans les m\u00e9dias et pas dans les couloirs du Parlement europ\u00e9en.<\/p>\n<p>Au final, le choix impos\u00e9 de la voiture \u00e9lectrique porte en lui de nombreux risques sociaux et \u00e9conomiques. La voiture \u00e9lectrique va prendre une place plus importante \u00e0 l&rsquo;avenir. Elle r\u00e9pondra aux besoins de mobilit\u00e9 de nombreuses personnes dans les centres urbains notamment, mais il est difficile d&rsquo;imager que l&rsquo;avenir sera tout \u00e9lectrique. Il y a 10 ans, apr\u00e8s le Grenelle de l&rsquo;environnement, L\u2019\u00c9tat fran\u00e7ais a mis en place une prime pour inciter les Fran\u00e7ais \u00e0 acheter&#8230;du diesel. On marche sur la t\u00eate.<\/p>\n<h1 class=\"ProfileHeaderCard-name\"><\/h1>\n","protected":false},"excerpt":{"rendered":"<p>Le dirigeant de PSA, Carlos Tavares a accord\u00e9 une interview sans langue de bois au Figaro lundi. Un entretien tr\u00e8s int\u00e9ressant men\u00e9 par la journaliste Bertille Bayart. Carlos Tavares explique clairement les menaces qui p\u00e8sent sur le secteur automobile apr\u00e8s les d\u00e9cisions prises par le Parlement europ\u00e9en (les v\u00e9hicules l\u00e9gers neufs devront r\u00e9duire leurs \u00e9missions&nbsp;<\/p>\n<p><a class=\"btn btn-style\" href=\"https:\/\/flavienneuvy.fr\/index.php\/2019\/03\/05\/la-constructeurs-automobiles-ont-perdu-la-bataille-de-lopinion\/\">Continuer la lecture&#8230;<\/a><\/p>\n","protected":false},"author":1,"featured_media":0,"comment_status":"open","ping_status":"open","sticky":false,"template":"","format":"standard","meta":[],"categories":[3],"tags":[],"_links":{"self":[{"href":"https:\/\/flavienneuvy.fr\/index.php\/wp-json\/wp\/v2\/posts\/2007"}],"collection":[{"href":"https:\/\/flavienneuvy.fr\/index.php\/wp-json\/wp\/v2\/posts"}],"about":[{"href":"https:\/\/flavienneuvy.fr\/index.php\/wp-json\/wp\/v2\/types\/post"}],"author":[{"embeddable":true,"href":"https:\/\/flavienneuvy.fr\/index.php\/wp-json\/wp\/v2\/users\/1"}],"replies":[{"embeddable":true,"href":"https:\/\/flavienneuvy.fr\/index.php\/wp-json\/wp\/v2\/comments?post=2007"}],"version-history":[{"count":3,"href":"https:\/\/flavienneuvy.fr\/index.php\/wp-json\/wp\/v2\/posts\/2007\/revisions"}],"predecessor-version":[{"id":2010,"href":"https:\/\/flavienneuvy.fr\/index.php\/wp-json\/wp\/v2\/posts\/2007\/revisions\/2010"}],"wp:attachment":[{"href":"https:\/\/flavienneuvy.fr\/index.php\/wp-json\/wp\/v2\/media?parent=2007"}],"wp:term":[{"taxonomy":"category","embeddable":true,"href":"https:\/\/flavienneuvy.fr\/index.php\/wp-json\/wp\/v2\/categories?post=2007"},{"taxonomy":"post_tag","embeddable":true,"href":"https:\/\/flavienneuvy.fr\/index.php\/wp-json\/wp\/v2\/tags?post=2007"}],"curies":[{"name":"wp","href":"https:\/\/api.w.org\/{rel}","templated":true}]}}