{"id":2012,"date":"2019-03-18T20:10:16","date_gmt":"2019-03-18T19:10:16","guid":{"rendered":"http:\/\/flavienneuvy.fr\/?p=2012"},"modified":"2019-03-18T20:10:16","modified_gmt":"2019-03-18T19:10:16","slug":"gilets-jaunes-des-erreurs-encore-des-erreurs-toujours-des-erreurs-de-lexecutif","status":"publish","type":"post","link":"https:\/\/flavienneuvy.fr\/index.php\/2019\/03\/18\/gilets-jaunes-des-erreurs-encore-des-erreurs-toujours-des-erreurs-de-lexecutif\/","title":{"rendered":"Gilets jaunes : des erreurs, encore des erreurs, toujours des erreurs de l&rsquo;ex\u00e9cutif."},"content":{"rendered":"<p>Les violences de samedi dernier sont invraisemblables. Comment cela a-t-il pu arriver ? Pourquoi le gouvernement n&rsquo;a rien vu venir ? Depuis le d\u00e9but de la crise des gilets jaunes, le pr\u00e9sident de la R\u00e9publique et le gouvernement multiplient les erreurs.<\/p>\n<p>J&rsquo;ai \u00e9voqu\u00e9 \u00e0 plusieurs<a href=\"http:\/\/flavienneuvy.fr\/index.php\/2018\/11\/13\/a-propos-du-17-novembre\/\"> reprises<\/a> la prise de conscience tardive de l&rsquo;ex\u00e9cutif face \u00e0 la gravit\u00e9 de la crise (lire : <a href=\"http:\/\/flavienneuvy.fr\/index.php\/2018\/11\/22\/gilets-jaunes-on-va-dans-le-mur\/\">Gilets jaunes, on va dans le mur\u00a0<\/a> et <a href=\"http:\/\/flavienneuvy.fr\/index.php\/2018\/12\/02\/tentative-de-coup-de-force-en-france\/\">Tentative de coup de force en France ?<\/a>).<\/p>\n<p>Apr\u00e8s les multiples violences constat\u00e9es au cours des diff\u00e9rents samedis depuis le 17 novembre, ce qui s&rsquo;est pass\u00e9 le 16 mars sur les Champs-\u00c9lys\u00e9es est inacceptable. Il faut changer de doctrine dans le maintien de l&rsquo;ordre. La R\u00e9publique ne doit pas c\u00e9der, ne doit pas reculer.<strong> Il faut \u00eatre plus ferme.\u00a0 Avec\u00a0 trois mois de retard, le gouvernement d\u00e9cide enfin d&rsquo;utiliser l&rsquo;article 40-1 du code p\u00e9nal.<br \/>\n<\/strong><\/p>\n<p>Sur le plan de la communication, c&rsquo;est \u00e9galement un d\u00e9sastre. La s\u00e9quence de Castaner en bo\u00eete de nuit est calamiteuse. Entendons-nous bien : \u00e0 titre personnel, je me contrefiche de ce que fait Monsieur Castaner de sa vie priv\u00e9e mais il est ministre de l&rsquo;Int\u00e9rieur et \u00e0 l&rsquo;heure des r\u00e9seaux sociaux, il \u00e9tait certain que des images allaient sortir. Images catastrophiques. Le pr\u00e9fet de police de Paris a \u00e9t\u00e9 limog\u00e9 mais, \u00e0 mon sens, Castaner n&rsquo;est pas \u00e0 la hauteur.<\/p>\n<p>Enfin, \u00e0 la veille d&rsquo;un week-end que tout le monde annon\u00e7ait tendu pour le maintien de l&rsquo;ordre, le pr\u00e9sident de la R\u00e9publique a d\u00e9cid\u00e9 de&#8230;partir au ski. C&rsquo;est sid\u00e9rant.<\/p>\n<p>&nbsp;<\/p>\n<p>&nbsp;<\/p>\n","protected":false},"excerpt":{"rendered":"<p>Les violences de samedi dernier sont invraisemblables. Comment cela a-t-il pu arriver ? Pourquoi le gouvernement n&rsquo;a rien vu venir ? Depuis le d\u00e9but de la crise des gilets jaunes, le pr\u00e9sident de la R\u00e9publique et le gouvernement multiplient les erreurs. J&rsquo;ai \u00e9voqu\u00e9 \u00e0 plusieurs reprises la prise de conscience tardive de l&rsquo;ex\u00e9cutif face \u00e0&nbsp;<\/p>\n<p><a class=\"btn btn-style\" href=\"https:\/\/flavienneuvy.fr\/index.php\/2019\/03\/18\/gilets-jaunes-des-erreurs-encore-des-erreurs-toujours-des-erreurs-de-lexecutif\/\">Continuer la lecture&#8230;<\/a><\/p>\n","protected":false},"author":1,"featured_media":0,"comment_status":"open","ping_status":"open","sticky":false,"template":"","format":"standard","meta":[],"categories":[1],"tags":[],"_links":{"self":[{"href":"https:\/\/flavienneuvy.fr\/index.php\/wp-json\/wp\/v2\/posts\/2012"}],"collection":[{"href":"https:\/\/flavienneuvy.fr\/index.php\/wp-json\/wp\/v2\/posts"}],"about":[{"href":"https:\/\/flavienneuvy.fr\/index.php\/wp-json\/wp\/v2\/types\/post"}],"author":[{"embeddable":true,"href":"https:\/\/flavienneuvy.fr\/index.php\/wp-json\/wp\/v2\/users\/1"}],"replies":[{"embeddable":true,"href":"https:\/\/flavienneuvy.fr\/index.php\/wp-json\/wp\/v2\/comments?post=2012"}],"version-history":[{"count":1,"href":"https:\/\/flavienneuvy.fr\/index.php\/wp-json\/wp\/v2\/posts\/2012\/revisions"}],"predecessor-version":[{"id":2013,"href":"https:\/\/flavienneuvy.fr\/index.php\/wp-json\/wp\/v2\/posts\/2012\/revisions\/2013"}],"wp:attachment":[{"href":"https:\/\/flavienneuvy.fr\/index.php\/wp-json\/wp\/v2\/media?parent=2012"}],"wp:term":[{"taxonomy":"category","embeddable":true,"href":"https:\/\/flavienneuvy.fr\/index.php\/wp-json\/wp\/v2\/categories?post=2012"},{"taxonomy":"post_tag","embeddable":true,"href":"https:\/\/flavienneuvy.fr\/index.php\/wp-json\/wp\/v2\/tags?post=2012"}],"curies":[{"name":"wp","href":"https:\/\/api.w.org\/{rel}","templated":true}]}}