{"id":202,"date":"2012-12-20T22:35:26","date_gmt":"2012-12-20T21:35:26","guid":{"rendered":"http:\/\/flavienneuvy.fr\/index.php\/2012\/12\/20\/francois-hollande-ne-comprend-pas-pourquoi-leconomie-ne-repart-pas\/"},"modified":"2012-12-20T22:35:26","modified_gmt":"2012-12-20T21:35:26","slug":"francois-hollande-ne-comprend-pas-pourquoi-leconomie-ne-repart-pas","status":"publish","type":"post","link":"https:\/\/flavienneuvy.fr\/index.php\/2012\/12\/20\/francois-hollande-ne-comprend-pas-pourquoi-leconomie-ne-repart-pas\/","title":{"rendered":"Fran\u00e7ois Hollande ne comprend pas pourquoi l&rsquo;\u00e9conomie ne repart pas"},"content":{"rendered":"<p style=\"text-align: justify;\">Fran\u00e7ois Hollande ne comprend pas pourquoi l&#39;\u00e9conomie ne repart pas&#8230;Ne riez pas, c&#39;est tr\u00e8s s\u00e9rieux. Lors de sa visite en Alg\u00e9rie, le pr\u00e9sident de la R\u00e9publique a r\u00e9pondu \u00e0 un \u00e9tudiant que s&#39;il devait reprendre ses \u00e9tudes il ferait <a href=\"http:\/\/www.20minutes.fr\/ledirect\/1068207\/Economie-hollande-aimerait-comprendre-pourquoi-ca-marche-pas\" target=\"_self\">&quot;de l&#39;\u00e9conomie parce que je voudrais quand m\u00eame bien finir par comprendre pourquoi \u00e7a ne marche pas&quot;<\/a>. C&#39;est quand m\u00eame invraisemblable et tr\u00e8s inqui\u00e9tant. Si le pr\u00e9sident de la R\u00e9publique ne comprend pas pourquoi notre \u00e9conomie n&#39;avance plus, il est difficile d&#39;esp\u00e9rer le voir mettre en oeuvre les mesures qui pourront nous sortir de l&#39;impasse. Mais au fond, ce n&#39;est pas tr\u00e8s surprenant : 80% des ministres du gouvernement n&#39;ont jamais mis les pieds dans une entreprise et je ne parle m\u00eame pas des cabinets minist\u00e9riels compos\u00e9s pour l&#39;essentiel des jeunes tr\u00e8s dipl\u00f4m\u00e9s mais qui eux non plus ne connaissent pas le monde de l&#39;entreprise. Le d\u00e9clin de notre pays est loin d&#39;\u00eatre termin\u00e9. L&#39;insee vient d&#39;ailleurs de publier ses pr\u00e9visions de croissance pour les 2 premiers trimestres 2013 :<a href=\"http:\/\/www.lefigaro.fr\/flash-eco\/2012\/12\/20\/97002-20121220FILWWW00728-la-croissance-ne-devrait-pas-depasser-01-aux-1er-et-2e-trimestres-2013-insee.php\" target=\"_self\"> +0,1% sur chaque trimestre<\/a>. Autant dire que les +0,8% pr\u00e9vus par la gouvernement dans le PLF 2013 ne sont plus d&#39;actualit\u00e9.&#0160;<\/p>\n","protected":false},"excerpt":{"rendered":"<p>Fran\u00e7ois Hollande ne comprend pas pourquoi l&#39;\u00e9conomie ne repart pas&#8230;Ne riez pas, c&#39;est tr\u00e8s s\u00e9rieux. Lors de sa visite en Alg\u00e9rie, le pr\u00e9sident de la R\u00e9publique a r\u00e9pondu \u00e0 un \u00e9tudiant que s&#39;il devait reprendre ses \u00e9tudes il ferait &quot;de l&#39;\u00e9conomie parce que je voudrais quand m\u00eame bien finir par comprendre pourquoi \u00e7a ne marche&nbsp;<\/p>\n<p><a class=\"btn btn-style\" href=\"https:\/\/flavienneuvy.fr\/index.php\/2012\/12\/20\/francois-hollande-ne-comprend-pas-pourquoi-leconomie-ne-repart-pas\/\">Continuer la lecture&#8230;<\/a><\/p>\n","protected":false},"author":1,"featured_media":0,"comment_status":"open","ping_status":"open","sticky":false,"template":"","format":"standard","meta":[],"categories":[2,3],"tags":[],"_links":{"self":[{"href":"https:\/\/flavienneuvy.fr\/index.php\/wp-json\/wp\/v2\/posts\/202"}],"collection":[{"href":"https:\/\/flavienneuvy.fr\/index.php\/wp-json\/wp\/v2\/posts"}],"about":[{"href":"https:\/\/flavienneuvy.fr\/index.php\/wp-json\/wp\/v2\/types\/post"}],"author":[{"embeddable":true,"href":"https:\/\/flavienneuvy.fr\/index.php\/wp-json\/wp\/v2\/users\/1"}],"replies":[{"embeddable":true,"href":"https:\/\/flavienneuvy.fr\/index.php\/wp-json\/wp\/v2\/comments?post=202"}],"version-history":[{"count":0,"href":"https:\/\/flavienneuvy.fr\/index.php\/wp-json\/wp\/v2\/posts\/202\/revisions"}],"wp:attachment":[{"href":"https:\/\/flavienneuvy.fr\/index.php\/wp-json\/wp\/v2\/media?parent=202"}],"wp:term":[{"taxonomy":"category","embeddable":true,"href":"https:\/\/flavienneuvy.fr\/index.php\/wp-json\/wp\/v2\/categories?post=202"},{"taxonomy":"post_tag","embeddable":true,"href":"https:\/\/flavienneuvy.fr\/index.php\/wp-json\/wp\/v2\/tags?post=202"}],"curies":[{"name":"wp","href":"https:\/\/api.w.org\/{rel}","templated":true}]}}