{"id":2031,"date":"2019-05-21T14:11:12","date_gmt":"2019-05-21T13:11:12","guid":{"rendered":"http:\/\/flavienneuvy.fr\/?p=2031"},"modified":"2019-05-21T14:19:43","modified_gmt":"2019-05-21T13:19:43","slug":"013-336-pouvoir-dachat-hausse-statistique-ressenti-negatif-pour-quelles-raisons","status":"publish","type":"post","link":"https:\/\/flavienneuvy.fr\/index.php\/2019\/05\/21\/013-336-pouvoir-dachat-hausse-statistique-ressenti-negatif-pour-quelles-raisons\/","title":{"rendered":"Pouvoir d&rsquo;achat : hausse statistique, ressenti n\u00e9gatif, pour quelles raisons ?"},"content":{"rendered":"<p>Le pouvoir d&rsquo;achat des Fran\u00e7ais est orient\u00e9 \u00e0 la hausse mais, pour autant, le ressenti reste tr\u00e8s n\u00e9gatif. Comment expliquer cette diff\u00e9rence entre ce que dit la statistique \u00e9conomique et le ressenti des Fran\u00e7ais ?<\/p>\n<p>La r\u00e9ponse en 3 minutes et en <a href=\"http:\/\/flavienneuvy.fr\/index.php\/2019\/05\/21\/013-336-pouvoir-dachat-hausse-statistique-ressenti-negatif-pour-quelles-raisons\/\">vid\u00e9o en cliquant sur le titre de cet article.\u00a0<\/a><\/p>\n<p><iframe loading=\"lazy\" width=\"500\" height=\"281\" src=\"https:\/\/www.youtube.com\/embed\/99Kt45zEKcg?feature=oembed\" frameborder=\"0\" allow=\"accelerometer; autoplay; encrypted-media; gyroscope; picture-in-picture\" allowfullscreen><\/iframe><\/p>\n","protected":false},"excerpt":{"rendered":"<p>Le pouvoir d&rsquo;achat des Fran\u00e7ais est orient\u00e9 \u00e0 la hausse mais, pour autant, le ressenti reste tr\u00e8s n\u00e9gatif. Comment expliquer cette diff\u00e9rence entre ce que dit la statistique \u00e9conomique et le ressenti des Fran\u00e7ais ? La r\u00e9ponse en 3 minutes et en vid\u00e9o en cliquant sur le titre de cet article.\u00a0<\/p>\n","protected":false},"author":1,"featured_media":0,"comment_status":"open","ping_status":"open","sticky":false,"template":"","format":"gallery","meta":[],"categories":[3],"tags":[],"_links":{"self":[{"href":"https:\/\/flavienneuvy.fr\/index.php\/wp-json\/wp\/v2\/posts\/2031"}],"collection":[{"href":"https:\/\/flavienneuvy.fr\/index.php\/wp-json\/wp\/v2\/posts"}],"about":[{"href":"https:\/\/flavienneuvy.fr\/index.php\/wp-json\/wp\/v2\/types\/post"}],"author":[{"embeddable":true,"href":"https:\/\/flavienneuvy.fr\/index.php\/wp-json\/wp\/v2\/users\/1"}],"replies":[{"embeddable":true,"href":"https:\/\/flavienneuvy.fr\/index.php\/wp-json\/wp\/v2\/comments?post=2031"}],"version-history":[{"count":6,"href":"https:\/\/flavienneuvy.fr\/index.php\/wp-json\/wp\/v2\/posts\/2031\/revisions"}],"predecessor-version":[{"id":2037,"href":"https:\/\/flavienneuvy.fr\/index.php\/wp-json\/wp\/v2\/posts\/2031\/revisions\/2037"}],"wp:attachment":[{"href":"https:\/\/flavienneuvy.fr\/index.php\/wp-json\/wp\/v2\/media?parent=2031"}],"wp:term":[{"taxonomy":"category","embeddable":true,"href":"https:\/\/flavienneuvy.fr\/index.php\/wp-json\/wp\/v2\/categories?post=2031"},{"taxonomy":"post_tag","embeddable":true,"href":"https:\/\/flavienneuvy.fr\/index.php\/wp-json\/wp\/v2\/tags?post=2031"}],"curies":[{"name":"wp","href":"https:\/\/api.w.org\/{rel}","templated":true}]}}