{"id":2048,"date":"2019-12-17T13:20:38","date_gmt":"2019-12-17T12:20:38","guid":{"rendered":"http:\/\/flavienneuvy.fr\/?p=2048"},"modified":"2019-12-17T13:20:38","modified_gmt":"2019-12-17T12:20:38","slug":"retraites-egalite-justice-et-tout-et-tout","status":"publish","type":"post","link":"https:\/\/flavienneuvy.fr\/index.php\/2019\/12\/17\/retraites-egalite-justice-et-tout-et-tout\/","title":{"rendered":"Retraites : \u00e9galit\u00e9, justice et tout et tout."},"content":{"rendered":"<p>Cela fait bien longtemps que je ne m&rsquo;\u00e9tais pas mis sur mon clavier d&rsquo;ordinateur pour \u00e9crire une petite note sur mon blog. Si je le fais aujourd&rsquo;hui c&rsquo;est gr\u00e2ce \u00e0 CheckNews et \u00e0 <a href=\"https:\/\/www.liberation.fr\/checknews\/2019\/12\/16\/est-il-vrai-comme-l-affirme-le-point-que-la-retraite-moyenne-a-la-ratp-est-de-3-705-euros-contre-1-4_1769490?utm_medium=Social&amp;utm_source=Facebook#Echobox=1576505972\">l&rsquo;article<\/a> dans lequel je figure en bonne position. Merci \u00e0 eux de m&rsquo;avoir incit\u00e9 \u00e0 reprendre le chemin de mon blog. Il faut que j&rsquo;\u00e9crive plus souvent, j&rsquo;aime cela mais il me faut du temps pour le faire. Mauvaise excuse me direz-vous ! Exact, mauvaise excuse. Je vais reprendre un rythme plus r\u00e9gulier, promis, cela fait partie de mes bonnes r\u00e9solutions de l&rsquo;ann\u00e9e \u00e0 venir. Une de plus&#8230;<\/p>\n<p>Revenons au sujet de ce texte : les retraites ou, plus exactement, un de mes tweets sur les retraites.<\/p>\n<p><img decoding=\"async\" loading=\"lazy\" class=\"alignnone  wp-image-2049\" src=\"http:\/\/flavienneuvy.fr\/wp-content\/uploads\/2019\/12\/retraites1-300x166.jpg\" alt=\"\" width=\"387\" height=\"214\" srcset=\"https:\/\/flavienneuvy.fr\/wp-content\/uploads\/2019\/12\/retraites1-300x166.jpg 300w, https:\/\/flavienneuvy.fr\/wp-content\/uploads\/2019\/12\/retraites1-768x424.jpg 768w, https:\/\/flavienneuvy.fr\/wp-content\/uploads\/2019\/12\/retraites1.jpg 898w\" sizes=\"(max-width: 387px) 100vw, 387px\" \/><\/p>\n<p>Ce tweet a g\u00e9n\u00e9r\u00e9 pas mal d&rsquo;interactions et a suscit\u00e9 beaucoup de r\u00e9actions. Il a \u00e9t\u00e9 lu plus de 100 000 fois.<\/p>\n<p><img decoding=\"async\" loading=\"lazy\" class=\"alignnone  wp-image-2050\" src=\"http:\/\/flavienneuvy.fr\/wp-content\/uploads\/2019\/12\/retraites2-300x159.jpg\" alt=\"\" width=\"372\" height=\"197\" srcset=\"https:\/\/flavienneuvy.fr\/wp-content\/uploads\/2019\/12\/retraites2-300x159.jpg 300w, https:\/\/flavienneuvy.fr\/wp-content\/uploads\/2019\/12\/retraites2-768x407.jpg 768w, https:\/\/flavienneuvy.fr\/wp-content\/uploads\/2019\/12\/retraites2.jpg 867w\" sizes=\"(max-width: 372px) 100vw, 372px\" \/><\/p>\n<p>De quoi s&rsquo;agit-il exactement ? J&rsquo;ai pris une capture d&rsquo;\u00e9cran d&rsquo;une infographie sur les retraites publi\u00e9e dans le magazine Le Point dat\u00e9 du 12 d\u00e9cembre. Cette infographie mettait en \u00e9vidence \u00ab\u00a0des montants bruts moyens des pensions de retraite\u00a0\u00bb pour diff\u00e9rentes cat\u00e9gories professionnelles. Il est pr\u00e9cis\u00e9 dans Le Point que le calcul a \u00e9t\u00e9 fait en \u00e9quivalent carri\u00e8re compl\u00e8te pour les nouveaux retrait\u00e9s de 2017. Pour finir, l&rsquo;hebdo source les chiffres \u00ab\u00a0Cour des Comptes 2019\u00a0\u00bb.<\/p>\n<p>Hurlements de tous nos bons d\u00e9fenseurs de l&rsquo;\u00e9galit\u00e9 et de la justice sociale. \u00ab\u00a0Ces chiffres sont faux\u00a0\u00bb, \u00ab\u00a0vous diffusez des fake news\u00a0\u00bb&#8230; Je vous passe les commentaires les moins subtiles, ils n&rsquo;en valent pas la peine mais illustrent bien le degr\u00e9 de tension qui existe aujourd&rsquo;hui dans notre soci\u00e9t\u00e9. Il y a en m\u00eame qui ont essay\u00e9 d&rsquo;argumenter concernant la diff\u00e9rence entre m\u00e9diane et moyenne&#8230;Comment dire ? Non, rien, vraiment rien, on est au bord du n\u00e9ant dans ces cas l\u00e0. Ce qui est fascinant c&rsquo;est de voir \u00e0 quel point les gens de \u00ab\u00a0gauche\u00a0\u00bb, donc grands d\u00e9fenseurs de l&rsquo;\u00e9galit\u00e9, de la justice sociale et TOUSSA, se contorsionnent pour d\u00e9fendre l&rsquo;ind\u00e9fendable.<\/p>\n<p>Bon revenons au sujet car c&rsquo;est \u00e0 ce moment l\u00e0 que le site de Lib\u00e9ration CheckNews entre en piste en relayant mon tweet et en pointant vers un de leurs articles qui avait d\u00e9j\u00e0 trait\u00e9 le sujet suite \u00e0 un article du Parisien qui relayait \u00e9galement ces chiffres. Vous me suivez toujours ? Bref, CheckNews a fait son boulot et je n&rsquo;avais pas vu leur premier article. Que mettent-ils en avant ? Le fait que d&rsquo;un c\u00f4t\u00e9 les pensions de la RATP (par exemple) sont calcul\u00e9s en \u00e9quivalent carri\u00e8re compl\u00e8te pour les nouveaux retrait\u00e9s de 2017 \u00e0 une pension brute moyenne, c\u00f4t\u00e9 r\u00e9gime g\u00e9n\u00e9ral, de l&rsquo;ensemble des retrait\u00e9s fin 2017 (donc pas seulement des nouveaux retrait\u00e9s de 2017). Il y a bien un biais.<\/p>\n<p>Mais CheckNews a bien fait son boulot jusqu&rsquo;au bout (non, ce n&rsquo;est pas ironique) et a compar\u00e9 les pensions brutes moyennes pour les unipensionn\u00e9s de l&rsquo;ensemble des retrait\u00e9s \u00e0 fin 2016. Enfin des choses comparables&#8230;<\/p>\n<p>R\u00e9sultat ? 3000 euros brut mensuel pour les retrait\u00e9s de la RATP, 3310 euros pour les retrait\u00e9s de la SNCF et 1820 euros pour le secteur priv\u00e9.<\/p>\n<p>On r\u00e9sume : l&rsquo;\u00e9cart entre les pensions moyennes per\u00e7ues par les agents de la RATP et les salari\u00e9s du priv\u00e9 est de 64,8% et l&rsquo;\u00e9cart entre les agents de la SNCF et les salari\u00e9s du priv\u00e9 est de 81,8%.<\/p>\n<p><strong>Je reprends donc le commentaire de mon tweet : \u00ab\u00a0Les Fran\u00e7ais et la retraite : \u00e9galit\u00e9, justice et tout et tout\u00a0\u00bb.<\/strong><\/p>\n<p>&nbsp;<\/p>\n","protected":false},"excerpt":{"rendered":"<p>Cela fait bien longtemps que je ne m&rsquo;\u00e9tais pas mis sur mon clavier d&rsquo;ordinateur pour \u00e9crire une petite note sur mon blog. Si je le fais aujourd&rsquo;hui c&rsquo;est gr\u00e2ce \u00e0 CheckNews et \u00e0 l&rsquo;article dans lequel je figure en bonne position. Merci \u00e0 eux de m&rsquo;avoir incit\u00e9 \u00e0 reprendre le chemin de mon blog. Il&nbsp;<\/p>\n<p><a class=\"btn btn-style\" href=\"https:\/\/flavienneuvy.fr\/index.php\/2019\/12\/17\/retraites-egalite-justice-et-tout-et-tout\/\">Continuer la lecture&#8230;<\/a><\/p>\n","protected":false},"author":1,"featured_media":0,"comment_status":"open","ping_status":"open","sticky":false,"template":"","format":"standard","meta":[],"categories":[2],"tags":[],"_links":{"self":[{"href":"https:\/\/flavienneuvy.fr\/index.php\/wp-json\/wp\/v2\/posts\/2048"}],"collection":[{"href":"https:\/\/flavienneuvy.fr\/index.php\/wp-json\/wp\/v2\/posts"}],"about":[{"href":"https:\/\/flavienneuvy.fr\/index.php\/wp-json\/wp\/v2\/types\/post"}],"author":[{"embeddable":true,"href":"https:\/\/flavienneuvy.fr\/index.php\/wp-json\/wp\/v2\/users\/1"}],"replies":[{"embeddable":true,"href":"https:\/\/flavienneuvy.fr\/index.php\/wp-json\/wp\/v2\/comments?post=2048"}],"version-history":[{"count":1,"href":"https:\/\/flavienneuvy.fr\/index.php\/wp-json\/wp\/v2\/posts\/2048\/revisions"}],"predecessor-version":[{"id":2051,"href":"https:\/\/flavienneuvy.fr\/index.php\/wp-json\/wp\/v2\/posts\/2048\/revisions\/2051"}],"wp:attachment":[{"href":"https:\/\/flavienneuvy.fr\/index.php\/wp-json\/wp\/v2\/media?parent=2048"}],"wp:term":[{"taxonomy":"category","embeddable":true,"href":"https:\/\/flavienneuvy.fr\/index.php\/wp-json\/wp\/v2\/categories?post=2048"},{"taxonomy":"post_tag","embeddable":true,"href":"https:\/\/flavienneuvy.fr\/index.php\/wp-json\/wp\/v2\/tags?post=2048"}],"curies":[{"name":"wp","href":"https:\/\/api.w.org\/{rel}","templated":true}]}}