{"id":215,"date":"2012-11-12T21:18:16","date_gmt":"2012-11-12T20:18:16","guid":{"rendered":"http:\/\/flavienneuvy.fr\/index.php\/2012\/11\/12\/pacte-de-competitivite-francois-hollande-adopte-les-propositions-de-nicolas-sarkozy\/"},"modified":"2012-11-12T21:18:16","modified_gmt":"2012-11-12T20:18:16","slug":"pacte-de-competitivite-francois-hollande-adopte-les-propositions-de-nicolas-sarkozy","status":"publish","type":"post","link":"https:\/\/flavienneuvy.fr\/index.php\/2012\/11\/12\/pacte-de-competitivite-francois-hollande-adopte-les-propositions-de-nicolas-sarkozy\/","title":{"rendered":"Pacte de comp\u00e9titivit\u00e9 : Fran\u00e7ois Hollande adopte les propositions de Nicolas Sarkozy"},"content":{"rendered":"<div style=\"text-align: justify;\">\n<p>Le pacte de comp\u00e9titivit\u00e9 a \u00e9t\u00e9 pr\u00e9sent\u00e9 la<br \/>\nsemaine derni\u00e8re par le gouvernement suite au rapport Gallois. Je passe vite<br \/>\nsur le diagnostic, il est connu de tous et il est accablant pour notre<br \/>\n\u00e9conomie.Ce rapport montre clairement que le d\u00e9crochage de la France<br \/>\ns\u2019acc\u00e9l\u00e8re depuis 10 ans, en clair depuis l\u2019entr\u00e9e en vigueur des 35 heures.<\/p>\n<p>Je retiens plusieurs choses du \u00ab&#0160;pacte<br \/>\nnational pour la croissance, la comp\u00e9titivit\u00e9 et l\u2019emploi&#0160;\u00bb que Jean-Marc<br \/>\nAyrault a d\u00e9fendu. D\u2019abord, et c\u2019est un point important, le PS reconna\u00eet que la<br \/>\ncomp\u00e9titivit\u00e9, donc le co\u00fbt du travail,&#0160; est un \u00e9l\u00e9ment essentiel pour nos<br \/>\nentreprises et pour la prosp\u00e9rit\u00e9 de notre \u00e9conomie. C\u2019est important car dans<br \/>\nce domaine, la gauche a longtemps \u00e9t\u00e9 dans le d\u00e9ni de r\u00e9alit\u00e9. Le diagnostic<br \/>\npos\u00e9 par Nicolas Sarkozy pendant la campagne \u00e9tait le bon.<\/p>\n<p>Le choix du gouvernement d\u2019opter pour un cr\u00e9dit<br \/>\nd\u2019imp\u00f4t plut\u00f4t que pour une baisse imm\u00e9diate des cotisations me laisse<br \/>\nseptique. Je comprends les raisons qui ont pouss\u00e9 le gouvernement vers cette<br \/>\nm\u00e9thode mais je crains que la complexit\u00e9 du syst\u00e8me nuise \u00e0 son efficacit\u00e9.<\/p>\n<p>Concernant le financement de ces 20 milliards<br \/>\nd\u2019all\u00e9gements d\u2019imp\u00f4ts sur les entreprises, l\u2019ex\u00e9cutif va relever les taux de<br \/>\nTVA qui passeront de 7% \u00e0 10% et 19,6% \u00e0 20% \u00e0 compter de d\u00e9but 2014. Le taux<br \/>\nr\u00e9duit passera de 5,5% \u00e0 5% histoire de faire passer la pilule (am\u00e8re) \u00e0 gauche<br \/>\nde la gauche. Il faut dire qu\u2019on a du mal \u00e0 comprendre la logique de Fran\u00e7ois<br \/>\nHollande. Il annule la hausse de la TVA d\u00e9cid\u00e9e par Sarkozy en juillet avant de d\u00e9cider de l\u2019augmenter en octobre. Par ailleurs, le premier ministre<br \/>\navait promis de ne pas toucher \u00e0 la TVA fin septembre sur France 2. Quelle<br \/>\ncoh\u00e9rence.<\/p>\n<p>De m\u00eame, dans le budget 2013 vot\u00e9 il y a un mois,<br \/>\nle gouvernement a fortement augment\u00e9 la fiscalit\u00e9 des entreprises (10<br \/>\nmilliards) avant d\u2019annoncer aujourd\u2019hui une baisse de cette m\u00eame fiscalit\u00e9 au<br \/>\nnom de la comp\u00e9titivit\u00e9\u2026Tout cela est parfaitement coh\u00e9rent. <\/p>\n<p>Au bout du compte, si la direction prise est la<br \/>\nbonne, le chemin emprunt\u00e9 pour atteindre l\u2019objectif est tortueux. <\/p>\n<p>Allez, pour finir et pour m\u00e9moire, voici un tract<br \/>\nde campagne du PS. Il ne faut pas avoir la m\u00e9moire courte. <\/p>\n<p>&#0160;<\/p>\n<p>\n<a class=\"asset-img-link\" href=\"http:\/\/cebazatpourdemain.typepad.fr\/.a\/6a00d834522be769e2017c3362504c970b-pi\"><img decoding=\"async\" alt=\"A7FMzhnCUAAd1rq.png large\" border=\"0\" class=\"asset  asset-image at-xid-6a00d834522be769e2017c3362504c970b\" src=\"http:\/\/cebazatpourdemain.typepad.fr\/.a\/6a00d834522be769e2017c3362504c970b-800wi\" style=\"display: block; margin-left: auto; margin-right: auto;\" title=\"A7FMzhnCUAAd1rq.png large\" \/><\/a><\/p>\n<\/div>\n","protected":false},"excerpt":{"rendered":"<p>Le pacte de comp\u00e9titivit\u00e9 a \u00e9t\u00e9 pr\u00e9sent\u00e9 la semaine derni\u00e8re par le gouvernement suite au rapport Gallois. Je passe vite sur le diagnostic, il est connu de tous et il est accablant pour notre \u00e9conomie.Ce rapport montre clairement que le d\u00e9crochage de la France s\u2019acc\u00e9l\u00e8re depuis 10 ans, en clair depuis l\u2019entr\u00e9e en vigueur des&nbsp;<\/p>\n<p><a class=\"btn btn-style\" href=\"https:\/\/flavienneuvy.fr\/index.php\/2012\/11\/12\/pacte-de-competitivite-francois-hollande-adopte-les-propositions-de-nicolas-sarkozy\/\">Continuer la lecture&#8230;<\/a><\/p>\n","protected":false},"author":1,"featured_media":0,"comment_status":"open","ping_status":"open","sticky":false,"template":"","format":"standard","meta":[],"categories":[2,3],"tags":[],"_links":{"self":[{"href":"https:\/\/flavienneuvy.fr\/index.php\/wp-json\/wp\/v2\/posts\/215"}],"collection":[{"href":"https:\/\/flavienneuvy.fr\/index.php\/wp-json\/wp\/v2\/posts"}],"about":[{"href":"https:\/\/flavienneuvy.fr\/index.php\/wp-json\/wp\/v2\/types\/post"}],"author":[{"embeddable":true,"href":"https:\/\/flavienneuvy.fr\/index.php\/wp-json\/wp\/v2\/users\/1"}],"replies":[{"embeddable":true,"href":"https:\/\/flavienneuvy.fr\/index.php\/wp-json\/wp\/v2\/comments?post=215"}],"version-history":[{"count":0,"href":"https:\/\/flavienneuvy.fr\/index.php\/wp-json\/wp\/v2\/posts\/215\/revisions"}],"wp:attachment":[{"href":"https:\/\/flavienneuvy.fr\/index.php\/wp-json\/wp\/v2\/media?parent=215"}],"wp:term":[{"taxonomy":"category","embeddable":true,"href":"https:\/\/flavienneuvy.fr\/index.php\/wp-json\/wp\/v2\/categories?post=215"},{"taxonomy":"post_tag","embeddable":true,"href":"https:\/\/flavienneuvy.fr\/index.php\/wp-json\/wp\/v2\/tags?post=215"}],"curies":[{"name":"wp","href":"https:\/\/api.w.org\/{rel}","templated":true}]}}