{"id":2263,"date":"2022-04-12T13:13:39","date_gmt":"2022-04-12T12:13:39","guid":{"rendered":"http:\/\/flavienneuvy.fr\/?p=2263"},"modified":"2022-04-12T13:20:34","modified_gmt":"2022-04-12T12:20:34","slug":"pourquoi-je-voterai-macron-au-deuxieme-tour","status":"publish","type":"post","link":"https:\/\/flavienneuvy.fr\/index.php\/2022\/04\/12\/pourquoi-je-voterai-macron-au-deuxieme-tour\/","title":{"rendered":"Pourquoi je voterai Macron au deuxi\u00e8me tour."},"content":{"rendered":"\n<p>Le deuxi\u00e8me tour de la pr\u00e9sidentielle sera celui qui \u00e9tait annonc\u00e9 depuis des mois : Marine Le Pen face \u00e0 Emmanuel Macron. <\/p>\n\n\n\n<p>Je n&rsquo;ai pas pris position avant le premier tour. <strong>Je ne suis pas \u00ab\u00a0macroniste\u00a0\u00bb et je ne l&rsquo;ai jamais \u00e9t\u00e9<\/strong>. Beaucoup trop de choses m&rsquo;ont agac\u00e9es au cours du mandat qui s&rsquo;ach\u00e8ve. Une forme d&rsquo;arrogance tr\u00e8s p\u00e9nible. Des erreurs invraisemblables : le nucl\u00e9aire, les gilets jaunes que personne n&rsquo;a vu venir chez LREM, une d\u00e9connexion totale entre le local et le national, un m\u00e9pris des \u00e9lus locaux et des corps interm\u00e9diaires&#8230;la liste est longue. <\/p>\n\n\n\n<p>Je n&rsquo;ai pas fait la campagne de Val\u00e9rie P\u00e9cresse. <strong>Impossible pour moi de faire une campagne aux c\u00f4t\u00e9s d&rsquo;Eric Ciotti ou Nadine Morano<\/strong>. C&rsquo;est au-del\u00e0 de ce que je peux faire. Par ailleurs, madame P\u00e9cresse a fait une tr\u00e8s mauvaise campagne, elle a \u00e9t\u00e9 mal conseill\u00e9e par son entourage. Taper matin midi et soir sur Macron \u00e9tait aussi absurde qu&rsquo;inefficace. Je ne suis pas le dernier \u00e0 critiquer le pr\u00e9sident sortant. Pour autant il n&rsquo;a pas tout rat\u00e9. Sur le plan \u00e9conomique son bilan est bon. Les attaques de Val\u00e9rie P\u00e9cresse envers Emmanuel Macron \u00e9taient caricaturales. LR dispara\u00eet du paysage politique national comme le PS.<\/p>\n\n\n\n<p>Le deuxi\u00e8me tour choisi par les Fran\u00e7ais m&rsquo;impose de dire clairement quel sera mon vote. Loin de moi l&rsquo;id\u00e9e de donner une quelconque consigne de vote. Les citoyens votent pour qui ils veulent et les \u00e9lus n&rsquo;ont aucune consigne \u00e0 donner. <strong>En revanche, je consid\u00e8re logique de dire pour qui je voterai le 24 avril : ce sera pour Emmanuel Macron. <\/strong>C&rsquo;est beaucoup plus clair que la formule ambig\u00fce de la France insoumise et, plus grave, des LR qui disent \u00ab\u00a0pas une voix ne doit aller vers Le Pen\u00a0\u00bb. Le dire ainsi revient \u00e0 rendre possibles (et souhaitables ?) l&rsquo;abstention ou le vote blanc.<\/p>\n\n\n\n<p>Je dis clairement les choses : je voterai Macron. <\/p>\n\n\n\n<p><strong>Sur l&rsquo;\u00e9chiquier politique, je suis au centre c&rsquo;est \u00e0 dire le point le plus \u00e9loign\u00e9 des extr\u00eames<\/strong>. Or Marine Le Pen c&rsquo;est l&rsquo;extr\u00eame droite et elle reste d&rsquo;extr\u00eame droite m\u00eame si la candidature de Zemmour a m\u00e9caniquement \u00ab\u00a0recentr\u00e9\u00a0\u00bb Le Pen. Si elle devait \u00eatre \u00e9lue, ce serait d\u00e9vastateur pour l&rsquo;\u00e9conomie de notre pays. Pas seulement pour notre \u00e9conomie d&rsquo;ailleurs.  <\/p>\n\n\n\n<p>Un dernier point : nous avons un gros probl\u00e8me avec l&rsquo;autorit\u00e9 de l\u2019\u00c9tat et la r\u00e9ponse p\u00e9nale apport\u00e9e sur de nombreuses affaires. <strong>En clair un gros probl\u00e8me sur l&rsquo;ins\u00e9curit\u00e9<\/strong>. En tant que maire je constate la passivit\u00e9 de la justice sur de nombreuses affaires, c&rsquo;est inacceptable et renforce le sentiment d&rsquo;impunit\u00e9 chez de nombreux d\u00e9linquants. <strong>Soit les choses changent au cours du prochain mandat soit l&rsquo;extr\u00eame droite prendra un jour le pouvoir. Ce n&rsquo;est qu&rsquo;une question de temps. <\/strong><\/p>\n\n\n\n<p>S&rsquo;il devait \u00eatre r\u00e9\u00e9lu, la responsabilit\u00e9 d&rsquo;Emmanuel Macron sera immense.  <\/p>\n","protected":false},"excerpt":{"rendered":"<p>Le deuxi\u00e8me tour de la pr\u00e9sidentielle sera celui qui \u00e9tait annonc\u00e9 depuis des mois : Marine Le Pen face \u00e0 Emmanuel Macron. Je n&rsquo;ai pas pris position avant le premier tour. Je ne suis pas \u00ab\u00a0macroniste\u00a0\u00bb et je ne l&rsquo;ai jamais \u00e9t\u00e9. Beaucoup trop de choses m&rsquo;ont agac\u00e9es au cours du mandat qui s&rsquo;ach\u00e8ve. Une&nbsp;<\/p>\n<p><a class=\"btn btn-style\" href=\"https:\/\/flavienneuvy.fr\/index.php\/2022\/04\/12\/pourquoi-je-voterai-macron-au-deuxieme-tour\/\">Continuer la lecture&#8230;<\/a><\/p>\n","protected":false},"author":1,"featured_media":0,"comment_status":"open","ping_status":"open","sticky":false,"template":"","format":"standard","meta":[],"categories":[1],"tags":[],"_links":{"self":[{"href":"https:\/\/flavienneuvy.fr\/index.php\/wp-json\/wp\/v2\/posts\/2263"}],"collection":[{"href":"https:\/\/flavienneuvy.fr\/index.php\/wp-json\/wp\/v2\/posts"}],"about":[{"href":"https:\/\/flavienneuvy.fr\/index.php\/wp-json\/wp\/v2\/types\/post"}],"author":[{"embeddable":true,"href":"https:\/\/flavienneuvy.fr\/index.php\/wp-json\/wp\/v2\/users\/1"}],"replies":[{"embeddable":true,"href":"https:\/\/flavienneuvy.fr\/index.php\/wp-json\/wp\/v2\/comments?post=2263"}],"version-history":[{"count":6,"href":"https:\/\/flavienneuvy.fr\/index.php\/wp-json\/wp\/v2\/posts\/2263\/revisions"}],"predecessor-version":[{"id":2269,"href":"https:\/\/flavienneuvy.fr\/index.php\/wp-json\/wp\/v2\/posts\/2263\/revisions\/2269"}],"wp:attachment":[{"href":"https:\/\/flavienneuvy.fr\/index.php\/wp-json\/wp\/v2\/media?parent=2263"}],"wp:term":[{"taxonomy":"category","embeddable":true,"href":"https:\/\/flavienneuvy.fr\/index.php\/wp-json\/wp\/v2\/categories?post=2263"},{"taxonomy":"post_tag","embeddable":true,"href":"https:\/\/flavienneuvy.fr\/index.php\/wp-json\/wp\/v2\/tags?post=2263"}],"curies":[{"name":"wp","href":"https:\/\/api.w.org\/{rel}","templated":true}]}}