{"id":2277,"date":"2022-08-10T17:17:39","date_gmt":"2022-08-10T16:17:39","guid":{"rendered":"http:\/\/flavienneuvy.fr\/?p=2277"},"modified":"2022-08-10T17:18:33","modified_gmt":"2022-08-10T16:18:33","slug":"droit-de-vote-des-etrangers-cest-non","status":"publish","type":"post","link":"https:\/\/flavienneuvy.fr\/index.php\/2022\/08\/10\/droit-de-vote-des-etrangers-cest-non\/","title":{"rendered":"Droit de vote des \u00e9trangers : c&rsquo;est  non."},"content":{"rendered":"\n<p>Le d\u00e9put\u00e9 de la Vienne, Sacha Houli\u00e9, a d\u00e9pos\u00e9 une proposition de loi visant \u00e0 \u00ab\u00a0accorder le droit de vote et d\u2019\u00e9ligibilit\u00e9 aux \u00e9lections municipales\u00a0\u00bb \u00e0 tous les \u00e9trangers. Rien de nouveau puisque cette id\u00e9e circule \u00e0 gauche depuis tr\u00e8s longtemps et visiblement le d\u00e9put\u00e9 de la Vienne a besoin de faire parler de lui. Je suis tr\u00e8s hostile \u00e0 cette id\u00e9e depuis toujours. J&rsquo;avais publi\u00e9 un article en 2014 sur le site de<a href=\"https:\/\/leplus.nouvelobs.com\/contribution\/1225281-droit-de-vote-des-etrangers-je-suis-contre-de-toute-facon-la-loi-ne-passera-pas.html\"> L&rsquo;Obs<\/a> pour en expliquer les raisons. J&rsquo;en reprends ici les principales id\u00e9es. <\/p>\n\n\n\n<p><strong>Un scrutin local a un impact national<\/strong><\/p>\n\n\n\n<p>Les d\u00e9fenseurs de cette id\u00e9e proposent d&rsquo;accorder le droit de vote aux seules \u00e9lections municipales, Fran\u00e7ois Hollande a d&rsquo;ailleurs pris soin de le pr\u00e9ciser lors de son interview. Premi\u00e8re question : pourquoi ceux qui sont favorables au droit de vote des \u00e9trangers veulent le limiter aux seules \u00e9lections locales ? Il y aurait donc une R\u00e9publique \u00e0 plusieurs vitesses ? Si parmi les lecteurs de ce texte il y en a qui peuvent m&rsquo;expliquer ce point, je suis preneur d&rsquo;une discussion.<\/p>\n\n\n\n<p>Par ailleurs, il faut noter que ce sont les \u00e9lus locaux qui \u00e9lisent les s\u00e9nateurs. Donc, concernant les municipales, on ne peut pas \u00e9voquer un scrutin strictement local sans impact national.<\/p>\n\n\n\n<p><strong>Le peuple souverain est le peuple fran\u00e7ais<\/strong><\/p>\n\n\n\n<p>Ensuite, le principal argument avanc\u00e9 par ces m\u00eames personnes est d&rsquo;expliquer qu&rsquo;\u00e0 partir du moment o\u00f9 les \u00e9trangers paient leurs imp\u00f4ts locaux, ils devraient avoir le droit de d\u00e9signer leurs \u00e9lus locaux. Ah bon ? Payer des imp\u00f4ts=droit de vote ? C&rsquo;est absurde et d&rsquo;ailleurs, si ce raisonnement \u00e9tait logique, il serait \u00e9galement valable pour les \u00e9lections nationales puisque les \u00e9trangers paient \u00e9galement de la TVA, l&rsquo;imp\u00f4t sur le revenu&#8230;Par ailleurs cela reviendrait \u00e0 r\u00e9tablir le suffrage censitaire. Absurde.<\/p>\n\n\n\n<p>Pour m\u00e9moire, notre r\u00e9publique fonctionne sur le principe simple du peuple souverain. C&rsquo;est le peuple fran\u00e7ais qui d\u00e9signe par le vote ses repr\u00e9sentants. Accorder le droit de vote aux \u00e9trangers c&rsquo;est abandonner une partie de cette souverainet\u00e9. Ce n&rsquo;est pas possible.<\/p>\n\n\n\n<p><strong>Du principe de r\u00e9ciprocit\u00e9<\/strong><\/p>\n\n\n\n<p>Alors on pourrait objecter que les Europ\u00e9ens membres de l&rsquo;UE peuvent d&rsquo;ores et d\u00e9j\u00e0 voter et se pr\u00e9senter aux \u00e9lections municipales. Alors pourquoi pas les autres ? Deux r\u00e9ponses : d&rsquo;abord nous avons un espace commun et des r\u00e8gles communes avec les pays des \u00e9trangers concern\u00e9s par ce droit de vote.<\/p>\n\n\n\n<p>Ensuite et surtout, il y a un principe de r\u00e9ciprocit\u00e9. Si un Portugais habitant en France peut voter pour les \u00e9lections municipales (et europ\u00e9ennes), l&rsquo;inverse est \u00e9galement vrai : un Fran\u00e7ais peut voter aux m\u00eames \u00e9lections au Portugal. Si demain nous donnons la possibilit\u00e9 aux Chinois ou aux Tunisiens de voter en France, croyez-vous que les Fran\u00e7ais habitant en Chine ou en Tunisie feront de m\u00eame ? Non, bien s\u00fbr. Il n&rsquo;y a donc aucune raison de voter une telle loi.<\/p>\n\n\n\n<p><strong>Cette loi n&rsquo;a aucune chance de passer<\/strong><\/p>\n\n\n\n<p>Je suis donc d\u00e9favorable au droit de vote pour les \u00e9trangers. Ayant habit\u00e9 longtemps \u00e0 l&rsquo;\u00e9tranger avec mes parents, il ne nous est pas venu \u00e0 l&rsquo;esprit une seconde de nous m\u00ealer de la politique men\u00e9e par les gouvernements des pays dans lesquels nous habitions. Cela ne nous regardait pas et il \u00e9tait bien naturel de ne pas nous occuper des affaires int\u00e9rieures de ces pays m\u00eame si mes parents payaient leurs imp\u00f4ts sur place.<\/p>\n","protected":false},"excerpt":{"rendered":"<p>Le d\u00e9put\u00e9 de la Vienne, Sacha Houli\u00e9, a d\u00e9pos\u00e9 une proposition de loi visant \u00e0 \u00ab\u00a0accorder le droit de vote et d\u2019\u00e9ligibilit\u00e9 aux \u00e9lections municipales\u00a0\u00bb \u00e0 tous les \u00e9trangers. Rien de nouveau puisque cette id\u00e9e circule \u00e0 gauche depuis tr\u00e8s longtemps et visiblement le d\u00e9put\u00e9 de la Vienne a besoin de faire parler de lui.&nbsp;<\/p>\n<p><a class=\"btn btn-style\" href=\"https:\/\/flavienneuvy.fr\/index.php\/2022\/08\/10\/droit-de-vote-des-etrangers-cest-non\/\">Continuer la lecture&#8230;<\/a><\/p>\n","protected":false},"author":1,"featured_media":0,"comment_status":"open","ping_status":"open","sticky":false,"template":"","format":"standard","meta":[],"categories":[1],"tags":[],"_links":{"self":[{"href":"https:\/\/flavienneuvy.fr\/index.php\/wp-json\/wp\/v2\/posts\/2277"}],"collection":[{"href":"https:\/\/flavienneuvy.fr\/index.php\/wp-json\/wp\/v2\/posts"}],"about":[{"href":"https:\/\/flavienneuvy.fr\/index.php\/wp-json\/wp\/v2\/types\/post"}],"author":[{"embeddable":true,"href":"https:\/\/flavienneuvy.fr\/index.php\/wp-json\/wp\/v2\/users\/1"}],"replies":[{"embeddable":true,"href":"https:\/\/flavienneuvy.fr\/index.php\/wp-json\/wp\/v2\/comments?post=2277"}],"version-history":[{"count":1,"href":"https:\/\/flavienneuvy.fr\/index.php\/wp-json\/wp\/v2\/posts\/2277\/revisions"}],"predecessor-version":[{"id":2278,"href":"https:\/\/flavienneuvy.fr\/index.php\/wp-json\/wp\/v2\/posts\/2277\/revisions\/2278"}],"wp:attachment":[{"href":"https:\/\/flavienneuvy.fr\/index.php\/wp-json\/wp\/v2\/media?parent=2277"}],"wp:term":[{"taxonomy":"category","embeddable":true,"href":"https:\/\/flavienneuvy.fr\/index.php\/wp-json\/wp\/v2\/categories?post=2277"},{"taxonomy":"post_tag","embeddable":true,"href":"https:\/\/flavienneuvy.fr\/index.php\/wp-json\/wp\/v2\/tags?post=2277"}],"curies":[{"name":"wp","href":"https:\/\/api.w.org\/{rel}","templated":true}]}}