{"id":273,"date":"2012-07-19T12:56:59","date_gmt":"2012-07-19T11:56:59","guid":{"rendered":"http:\/\/flavienneuvy.fr\/index.php\/2012\/07\/19\/bachar-el-assad-en-fuite\/"},"modified":"2012-07-19T12:56:59","modified_gmt":"2012-07-19T11:56:59","slug":"bachar-el-assad-en-fuite","status":"publish","type":"post","link":"https:\/\/flavienneuvy.fr\/index.php\/2012\/07\/19\/bachar-el-assad-en-fuite\/","title":{"rendered":"Bachar el-Assad en fuite"},"content":{"rendered":"<p style=\"text-align: justify;\">L&#39;attentat&#0160; perp\u00e9tr\u00e9 hier \u00e0 Damas a frapp\u00e9 le c\u0153ur du pouvoir de Bachar el-Assad en tuant plusieurs ministres et militaires de haut niveau. Aujourd&#39;hui les combats ont repris dans la capitale syrienne mais, d&#39;apr\u00e8s l&#39;agence de presse Reuters, Bachar el-Assad aurait pris la fuite pour aller se r\u00e9fugier \u00e0 Lattaqui\u00e9, sur la c\u00f4te m\u00e9diterran\u00e9enne du pays. Lire <a href=\"http:\/\/www.lepoint.fr\/monde\/bachar-el-assad-aurait-quitte-damas-19-07-2012-1487068_24.php\" target=\"_self\">ici<\/a>. La fin du tyran est proche.<\/p>\n","protected":false},"excerpt":{"rendered":"<p>L&#39;attentat&#0160; perp\u00e9tr\u00e9 hier \u00e0 Damas a frapp\u00e9 le c\u0153ur du pouvoir de Bachar el-Assad en tuant plusieurs ministres et militaires de haut niveau. Aujourd&#39;hui les combats ont repris dans la capitale syrienne mais, d&#39;apr\u00e8s l&#39;agence de presse Reuters, Bachar el-Assad aurait pris la fuite pour aller se r\u00e9fugier \u00e0 Lattaqui\u00e9, sur la c\u00f4te m\u00e9diterran\u00e9enne du&nbsp;<\/p>\n<p><a class=\"btn btn-style\" href=\"https:\/\/flavienneuvy.fr\/index.php\/2012\/07\/19\/bachar-el-assad-en-fuite\/\">Continuer la lecture&#8230;<\/a><\/p>\n","protected":false},"author":1,"featured_media":0,"comment_status":"open","ping_status":"open","sticky":false,"template":"","format":"standard","meta":[],"categories":[2],"tags":[],"_links":{"self":[{"href":"https:\/\/flavienneuvy.fr\/index.php\/wp-json\/wp\/v2\/posts\/273"}],"collection":[{"href":"https:\/\/flavienneuvy.fr\/index.php\/wp-json\/wp\/v2\/posts"}],"about":[{"href":"https:\/\/flavienneuvy.fr\/index.php\/wp-json\/wp\/v2\/types\/post"}],"author":[{"embeddable":true,"href":"https:\/\/flavienneuvy.fr\/index.php\/wp-json\/wp\/v2\/users\/1"}],"replies":[{"embeddable":true,"href":"https:\/\/flavienneuvy.fr\/index.php\/wp-json\/wp\/v2\/comments?post=273"}],"version-history":[{"count":0,"href":"https:\/\/flavienneuvy.fr\/index.php\/wp-json\/wp\/v2\/posts\/273\/revisions"}],"wp:attachment":[{"href":"https:\/\/flavienneuvy.fr\/index.php\/wp-json\/wp\/v2\/media?parent=273"}],"wp:term":[{"taxonomy":"category","embeddable":true,"href":"https:\/\/flavienneuvy.fr\/index.php\/wp-json\/wp\/v2\/categories?post=273"},{"taxonomy":"post_tag","embeddable":true,"href":"https:\/\/flavienneuvy.fr\/index.php\/wp-json\/wp\/v2\/tags?post=273"}],"curies":[{"name":"wp","href":"https:\/\/api.w.org\/{rel}","templated":true}]}}