{"id":274,"date":"2012-07-19T12:32:48","date_gmt":"2012-07-19T11:32:48","guid":{"rendered":"http:\/\/flavienneuvy.fr\/index.php\/2012\/07\/19\/grosse-inquietude-autour-des-prix-des-cereales\/"},"modified":"2012-07-19T12:32:48","modified_gmt":"2012-07-19T11:32:48","slug":"grosse-inquietude-autour-des-prix-des-cereales","status":"publish","type":"post","link":"https:\/\/flavienneuvy.fr\/index.php\/2012\/07\/19\/grosse-inquietude-autour-des-prix-des-cereales\/","title":{"rendered":"Grosse inqui\u00e9tude autour des prix des c\u00e9r\u00e9ales"},"content":{"rendered":"<p style=\"text-align: justify;\">&#0160;Le prix du bl\u00e9 s\u2019envole depuis le d\u00e9but du mois de juin&#0160;: + 30% en Europe et + 40% aux Etats-Unis. La s\u00e9cheresse aux Etats-Unis et en Europe centrale a tir\u00e9 les prix des c\u00e9r\u00e9ales vers le haut car les r\u00e9coltes seront m\u00e9diocres. &#0160;Par ailleurs, &#0160;le d\u00e9partement am\u00e9ricain de l\u2019Agriculture (USDA) vient de r\u00e9viser \u00e0 la baisse ses estimations de stocks de ma\u00efs, bl\u00e9 et soja 2012-2013. En clair tous les clignotants virent au rouge et c\u2019est tr\u00e8s inqui\u00e9tant car la flamb\u00e9e des prix alimentaires se traduit toujours par des famines et des r\u00e9voltes. Je profite de cet article pour souligner qu\u2019en France, comme toujours, on va accuser la \u00ab&#0160;sp\u00e9culation&#0160;\u00bb d\u2019\u00eatre \u00e0 l\u2019origine de cette hausse des prix et certainement que certains proposeront de bloquer les prix pour r\u00e9soudre le probl\u00e8me.<\/p>\n<p>&#0160;<\/p>\n","protected":false},"excerpt":{"rendered":"<p>&#0160;Le prix du bl\u00e9 s\u2019envole depuis le d\u00e9but du mois de juin&#0160;: + 30% en Europe et + 40% aux Etats-Unis. La s\u00e9cheresse aux Etats-Unis et en Europe centrale a tir\u00e9 les prix des c\u00e9r\u00e9ales vers le haut car les r\u00e9coltes seront m\u00e9diocres. &#0160;Par ailleurs, &#0160;le d\u00e9partement am\u00e9ricain de l\u2019Agriculture (USDA) vient de r\u00e9viser \u00e0&nbsp;<\/p>\n<p><a class=\"btn btn-style\" href=\"https:\/\/flavienneuvy.fr\/index.php\/2012\/07\/19\/grosse-inquietude-autour-des-prix-des-cereales\/\">Continuer la lecture&#8230;<\/a><\/p>\n","protected":false},"author":1,"featured_media":0,"comment_status":"open","ping_status":"open","sticky":false,"template":"","format":"standard","meta":[],"categories":[2],"tags":[],"_links":{"self":[{"href":"https:\/\/flavienneuvy.fr\/index.php\/wp-json\/wp\/v2\/posts\/274"}],"collection":[{"href":"https:\/\/flavienneuvy.fr\/index.php\/wp-json\/wp\/v2\/posts"}],"about":[{"href":"https:\/\/flavienneuvy.fr\/index.php\/wp-json\/wp\/v2\/types\/post"}],"author":[{"embeddable":true,"href":"https:\/\/flavienneuvy.fr\/index.php\/wp-json\/wp\/v2\/users\/1"}],"replies":[{"embeddable":true,"href":"https:\/\/flavienneuvy.fr\/index.php\/wp-json\/wp\/v2\/comments?post=274"}],"version-history":[{"count":0,"href":"https:\/\/flavienneuvy.fr\/index.php\/wp-json\/wp\/v2\/posts\/274\/revisions"}],"wp:attachment":[{"href":"https:\/\/flavienneuvy.fr\/index.php\/wp-json\/wp\/v2\/media?parent=274"}],"wp:term":[{"taxonomy":"category","embeddable":true,"href":"https:\/\/flavienneuvy.fr\/index.php\/wp-json\/wp\/v2\/categories?post=274"},{"taxonomy":"post_tag","embeddable":true,"href":"https:\/\/flavienneuvy.fr\/index.php\/wp-json\/wp\/v2\/tags?post=274"}],"curies":[{"name":"wp","href":"https:\/\/api.w.org\/{rel}","templated":true}]}}