{"id":280,"date":"2012-07-03T08:29:05","date_gmt":"2012-07-03T07:29:05","guid":{"rendered":"http:\/\/flavienneuvy.fr\/index.php\/2012\/07\/03\/les-dotations-de-letat-aux-collectivites-territoriales-restent-gelees\/"},"modified":"2012-07-03T08:29:05","modified_gmt":"2012-07-03T07:29:05","slug":"les-dotations-de-letat-aux-collectivites-territoriales-restent-gelees","status":"publish","type":"post","link":"https:\/\/flavienneuvy.fr\/index.php\/2012\/07\/03\/les-dotations-de-letat-aux-collectivites-territoriales-restent-gelees\/","title":{"rendered":"Les dotations de l&rsquo;Etat aux collectivit\u00e9s territoriales restent gel\u00e9es"},"content":{"rendered":"<p style=\"text-align: justify;\">Depuis plusieurs ann\u00e9es, les \u00e9lus locaux de gauche ont r\u00e9p\u00e9t\u00e9 en boucle un refrain bien connu : &quot;l&#39;Etat se d\u00e9sengage&quot; et ceci \u00e9tait sens\u00e9 expliquer les difficult\u00e9s rencontr\u00e9es par les collectivit\u00e9s territoriales. Ils nous ont cass\u00e9 les oreilles avec ce &quot;d\u00e9sengagement de l\u2019\u00c9tat&quot; et cette technique a bien fonctionn\u00e9 aupr\u00e8s du grand public pas forc\u00e9ment toujours bien inform\u00e9 sur le fonctionnement de nos villes, de nos d\u00e9partements et de nos r\u00e9gions. C&#39;\u00e9tait trop simple pour les \u00e9lus locaux socialistes : il suffisait d&#39;accuser le gouvernement de droite de tous les maux. Ils n&#39;ont pas arr\u00eat\u00e9 d&#39;attaquer Nicolas Sarkozy sur le gel des dotations aux collectivit\u00e9s territoriales. Oui mais voil\u00e0, ces temps faciles sont termin\u00e9s pour la gauche qui dispose de tous les pouvoirs. Je note que le gouvernement Ayrault a annonc\u00e9, \u00e0 l\u2019issue du s\u00e9minaire gouvernemental, la prolongation du gel des dotations aux collectivit\u00e9s locales. La politique men\u00e9e par Sarkozy est poursuivie concernant les dotations aux collectivit\u00e9s territoriales : il n&#39;y a aucun changement. Les \u00e9lus locaux de droite vont pouvoir mettre les ex\u00e9cutifs locaux face \u00e0 leurs contradictions lors des votes des BP 2013. Enfin.<\/p>\n","protected":false},"excerpt":{"rendered":"<p>Depuis plusieurs ann\u00e9es, les \u00e9lus locaux de gauche ont r\u00e9p\u00e9t\u00e9 en boucle un refrain bien connu : &quot;l&#39;Etat se d\u00e9sengage&quot; et ceci \u00e9tait sens\u00e9 expliquer les difficult\u00e9s rencontr\u00e9es par les collectivit\u00e9s territoriales. Ils nous ont cass\u00e9 les oreilles avec ce &quot;d\u00e9sengagement de l\u2019\u00c9tat&quot; et cette technique a bien fonctionn\u00e9 aupr\u00e8s du grand public pas forc\u00e9ment&nbsp;<\/p>\n<p><a class=\"btn btn-style\" href=\"https:\/\/flavienneuvy.fr\/index.php\/2012\/07\/03\/les-dotations-de-letat-aux-collectivites-territoriales-restent-gelees\/\">Continuer la lecture&#8230;<\/a><\/p>\n","protected":false},"author":1,"featured_media":0,"comment_status":"open","ping_status":"open","sticky":false,"template":"","format":"standard","meta":[],"categories":[2],"tags":[],"_links":{"self":[{"href":"https:\/\/flavienneuvy.fr\/index.php\/wp-json\/wp\/v2\/posts\/280"}],"collection":[{"href":"https:\/\/flavienneuvy.fr\/index.php\/wp-json\/wp\/v2\/posts"}],"about":[{"href":"https:\/\/flavienneuvy.fr\/index.php\/wp-json\/wp\/v2\/types\/post"}],"author":[{"embeddable":true,"href":"https:\/\/flavienneuvy.fr\/index.php\/wp-json\/wp\/v2\/users\/1"}],"replies":[{"embeddable":true,"href":"https:\/\/flavienneuvy.fr\/index.php\/wp-json\/wp\/v2\/comments?post=280"}],"version-history":[{"count":0,"href":"https:\/\/flavienneuvy.fr\/index.php\/wp-json\/wp\/v2\/posts\/280\/revisions"}],"wp:attachment":[{"href":"https:\/\/flavienneuvy.fr\/index.php\/wp-json\/wp\/v2\/media?parent=280"}],"wp:term":[{"taxonomy":"category","embeddable":true,"href":"https:\/\/flavienneuvy.fr\/index.php\/wp-json\/wp\/v2\/categories?post=280"},{"taxonomy":"post_tag","embeddable":true,"href":"https:\/\/flavienneuvy.fr\/index.php\/wp-json\/wp\/v2\/tags?post=280"}],"curies":[{"name":"wp","href":"https:\/\/api.w.org\/{rel}","templated":true}]}}