{"id":281,"date":"2012-07-02T19:16:04","date_gmt":"2012-07-02T18:16:04","guid":{"rendered":"http:\/\/flavienneuvy.fr\/index.php\/2012\/07\/02\/voitures-neuves-le-marche-francais-sous-pression\/"},"modified":"2012-07-02T19:16:04","modified_gmt":"2012-07-02T18:16:04","slug":"voitures-neuves-le-marche-francais-sous-pression","status":"publish","type":"post","link":"https:\/\/flavienneuvy.fr\/index.php\/2012\/07\/02\/voitures-neuves-le-marche-francais-sous-pression\/","title":{"rendered":"Voitures neuves : le march\u00e9 fran\u00e7ais sous pression"},"content":{"rendered":"<p style=\"text-align: justify;\">Les immatriculations ont baiss\u00e9 de 0,9% le mois dernier en donn\u00e9es  brutes et de 5,6% en donn\u00e9es corrig\u00e9es des jours ouvrables,selon les chiffres publi\u00e9s par le CCFA. Sur les 6 premiers mois de l&#39;ann\u00e9e, le recul est de 14,4%. Le recul du mois de juin est moins fort que les mois pr\u00e9c\u00e9dents mais l&#39;analyse des chiffres montre qu&#39;il y a eu 35 000 immatriculations les deux derniers jours du mois&#8230;En clair, les concessionnaires ont \u00e9t\u00e9 pouss\u00e9s \u00e0 immatriculer des voitures qui n&#39;ont pas \u00e9t\u00e9 r\u00e9ellement vendues et qui se retrouvent sur les parcs avec 0 kilom\u00e8tre. Faire les volumes objectiv\u00e9s est un imp\u00e9ratif pour toucher les primes de volume et le mois de juin marque la fin du semestre&#8230;Les stocks ont progress\u00e9 ces derniers mois et la rentabilit\u00e9 des r\u00e9seaux de distribution est mise \u00e0 mal. Les prises de commandes sont rest\u00e9es faibles en juin et, avec une conjoncture \u00e9conomique d\u00e9grad\u00e9e, la barre symbolique des 2 millions de voitures vendues semble de plus en plus difficile \u00e0 atteindre.<\/p>\n","protected":false},"excerpt":{"rendered":"<p>Les immatriculations ont baiss\u00e9 de 0,9% le mois dernier en donn\u00e9es brutes et de 5,6% en donn\u00e9es corrig\u00e9es des jours ouvrables,selon les chiffres publi\u00e9s par le CCFA. Sur les 6 premiers mois de l&#39;ann\u00e9e, le recul est de 14,4%. Le recul du mois de juin est moins fort que les mois pr\u00e9c\u00e9dents mais l&#39;analyse des&nbsp;<\/p>\n<p><a class=\"btn btn-style\" href=\"https:\/\/flavienneuvy.fr\/index.php\/2012\/07\/02\/voitures-neuves-le-marche-francais-sous-pression\/\">Continuer la lecture&#8230;<\/a><\/p>\n","protected":false},"author":1,"featured_media":0,"comment_status":"open","ping_status":"open","sticky":false,"template":"","format":"standard","meta":[],"categories":[2,3],"tags":[],"_links":{"self":[{"href":"https:\/\/flavienneuvy.fr\/index.php\/wp-json\/wp\/v2\/posts\/281"}],"collection":[{"href":"https:\/\/flavienneuvy.fr\/index.php\/wp-json\/wp\/v2\/posts"}],"about":[{"href":"https:\/\/flavienneuvy.fr\/index.php\/wp-json\/wp\/v2\/types\/post"}],"author":[{"embeddable":true,"href":"https:\/\/flavienneuvy.fr\/index.php\/wp-json\/wp\/v2\/users\/1"}],"replies":[{"embeddable":true,"href":"https:\/\/flavienneuvy.fr\/index.php\/wp-json\/wp\/v2\/comments?post=281"}],"version-history":[{"count":0,"href":"https:\/\/flavienneuvy.fr\/index.php\/wp-json\/wp\/v2\/posts\/281\/revisions"}],"wp:attachment":[{"href":"https:\/\/flavienneuvy.fr\/index.php\/wp-json\/wp\/v2\/media?parent=281"}],"wp:term":[{"taxonomy":"category","embeddable":true,"href":"https:\/\/flavienneuvy.fr\/index.php\/wp-json\/wp\/v2\/categories?post=281"},{"taxonomy":"post_tag","embeddable":true,"href":"https:\/\/flavienneuvy.fr\/index.php\/wp-json\/wp\/v2\/tags?post=281"}],"curies":[{"name":"wp","href":"https:\/\/api.w.org\/{rel}","templated":true}]}}