{"id":284,"date":"2012-06-20T16:51:45","date_gmt":"2012-06-20T15:51:45","guid":{"rendered":"http:\/\/flavienneuvy.fr\/index.php\/2012\/06\/20\/drame-de-collobrieres-les-gendarmes-en-colere\/"},"modified":"2012-06-20T16:51:45","modified_gmt":"2012-06-20T15:51:45","slug":"drame-de-collobrieres-les-gendarmes-en-colere","status":"publish","type":"post","link":"https:\/\/flavienneuvy.fr\/index.php\/2012\/06\/20\/drame-de-collobrieres-les-gendarmes-en-colere\/","title":{"rendered":"Drame de Collobri\u00e8res : les gendarmes en col\u00e8re"},"content":{"rendered":"<p style=\"text-align: justify;\">Deux femmes gendarmes ont \u00e9t\u00e9 l\u00e2chement assassin\u00e9es dans la nuit de dimanche \u00e0 lundi \u00e0 Collobri\u00e8res dans le Var. Les deux victimes \u00e9taient \u00e2g\u00e9es de 29 et 35 ans. L&#39;une d&#39;elle avait pour  compagnon un gendarme de Salon-de-Provence. L&#39;autre \u00e9tait la m\u00e8re de  deux petites filles de 5 et 13 ans. C&#39;est un drame \u00e9pouvantable qui a suscit\u00e9 \u00e9motion et col\u00e8re au sein de la Gendarmerie. Les gendarmes sont des militaires et ne peuvent pas s&#39;exprimer librement. Mais, ayant fait mon service militaire dans la gendarmerie, j&#39;ai gard\u00e9 des contacts et il n&#39;y pas de doute : c&#39;est la consternation. Ce qui est affligeant dans cette affaire c&#39;est que le meurtrier aurait d\u00fb \u00eatre incarc\u00e9r\u00e9, quatre jours plus t\u00f4t, apr\u00e8s  sa comparution devant le tribunal correctionnel de Toulon pour des  coups port\u00e9s \u00e0 sa m\u00e8re. En septembre, il avait purg\u00e9 six ans de prison pour trafic  de drogue. \u00c0 nouveau interpell\u00e9 apr\u00e8s des violences perp\u00e9tr\u00e9es sur sa  m\u00e8re, il \u00e9tait alors sous le coup de l\u2019application de la peine plancher : un an ferme d\u2019office. Cette disposition a \u00e9t\u00e9 instaur\u00e9e par la loi du 10&#0160;ao\u00fbt 2007  relative \u00e0 la lutte contre la r\u00e9cidive. Elle instaure des peines  d\u2019emprisonnement minimales quasi-automatiques. Mais, il y a une semaine, l\u2019homme est ressorti libre du tribunal. La d\u00e9cision prise par la justice de laisser libre cet individu dangereux a \u00e9t\u00e9 fatale aux deux jeunes femmes. La d\u00e9magogie de la gauche face aux peines planchers est incompr\u00e9hensible. La soci\u00e9t\u00e9 doit se prot\u00e9ger des criminels et ne pas faire preuve d&#39;ang\u00e9lisme.<\/p>\n","protected":false},"excerpt":{"rendered":"<p>Deux femmes gendarmes ont \u00e9t\u00e9 l\u00e2chement assassin\u00e9es dans la nuit de dimanche \u00e0 lundi \u00e0 Collobri\u00e8res dans le Var. Les deux victimes \u00e9taient \u00e2g\u00e9es de 29 et 35 ans. L&#39;une d&#39;elle avait pour compagnon un gendarme de Salon-de-Provence. L&#39;autre \u00e9tait la m\u00e8re de deux petites filles de 5 et 13 ans. C&#39;est un drame \u00e9pouvantable&nbsp;<\/p>\n<p><a class=\"btn btn-style\" href=\"https:\/\/flavienneuvy.fr\/index.php\/2012\/06\/20\/drame-de-collobrieres-les-gendarmes-en-colere\/\">Continuer la lecture&#8230;<\/a><\/p>\n","protected":false},"author":1,"featured_media":0,"comment_status":"open","ping_status":"open","sticky":false,"template":"","format":"standard","meta":[],"categories":[2],"tags":[],"_links":{"self":[{"href":"https:\/\/flavienneuvy.fr\/index.php\/wp-json\/wp\/v2\/posts\/284"}],"collection":[{"href":"https:\/\/flavienneuvy.fr\/index.php\/wp-json\/wp\/v2\/posts"}],"about":[{"href":"https:\/\/flavienneuvy.fr\/index.php\/wp-json\/wp\/v2\/types\/post"}],"author":[{"embeddable":true,"href":"https:\/\/flavienneuvy.fr\/index.php\/wp-json\/wp\/v2\/users\/1"}],"replies":[{"embeddable":true,"href":"https:\/\/flavienneuvy.fr\/index.php\/wp-json\/wp\/v2\/comments?post=284"}],"version-history":[{"count":0,"href":"https:\/\/flavienneuvy.fr\/index.php\/wp-json\/wp\/v2\/posts\/284\/revisions"}],"wp:attachment":[{"href":"https:\/\/flavienneuvy.fr\/index.php\/wp-json\/wp\/v2\/media?parent=284"}],"wp:term":[{"taxonomy":"category","embeddable":true,"href":"https:\/\/flavienneuvy.fr\/index.php\/wp-json\/wp\/v2\/categories?post=284"},{"taxonomy":"post_tag","embeddable":true,"href":"https:\/\/flavienneuvy.fr\/index.php\/wp-json\/wp\/v2\/tags?post=284"}],"curies":[{"name":"wp","href":"https:\/\/api.w.org\/{rel}","templated":true}]}}