{"id":285,"date":"2012-06-20T08:45:48","date_gmt":"2012-06-20T07:45:48","guid":{"rendered":"http:\/\/flavienneuvy.fr\/index.php\/2012\/06\/20\/les-entreprises-francaises-ecrasees-par-les-taxes\/"},"modified":"2012-06-20T08:45:48","modified_gmt":"2012-06-20T07:45:48","slug":"les-entreprises-francaises-ecrasees-par-les-taxes","status":"publish","type":"post","link":"https:\/\/flavienneuvy.fr\/index.php\/2012\/06\/20\/les-entreprises-francaises-ecrasees-par-les-taxes\/","title":{"rendered":"Les entreprises fran\u00e7aises \u00e9cras\u00e9es par les taxes"},"content":{"rendered":"<p style=\"text-align: justify;\">J&#39;ai \u00e9voqu\u00e9 les principaux <a href=\"http:\/\/cebazatpourdemain.typepad.fr\/cebazatpourdemain\/2012\/05\/comment-relancer-la-croissance-%C3%A9conomique-en-france-.html\" target=\"_self\">probl\u00e8mes structurels<\/a> de notre \u00e9conomie il y a quelques semaines. Parmi ceux-ci, j&#39;ai point\u00e9 du doigt la trop faible rentabilit\u00e9 de nos entreprises \u00e9cras\u00e9es par des pr\u00e9l\u00e8vements obligatoires trop \u00e9lev\u00e9s. L&#39;Insee vient de publier des statistiques qui montrent que <a href=\"http:\/\/www.lefigaro.fr\/conjoncture\/2012\/06\/20\/20002-20120620ARTFIG00377-la-rentabilite-des-entreprises-au-plus-bas-depuis-25-ans.php\" target=\"_self\">le taux de marge<\/a> des soci\u00e9t\u00e9s non financi\u00e8res a baiss\u00e9 \u00e0 28,6&#0160;% en 2011,  apr\u00e8s 30,1&#0160;% en 2010 et 29,1&#0160;% en 2009. L&#39;an dernier, il a atteint \u00abson  plus bas niveau depuis le milieu des ann\u00e9es 1980\u00bb. L&#39;Insee rel\u00e8ve que le taux moyen des cotisations sociales a &quot;lourdement pes\u00e9&quot; sur la marge des entreprises qui sont parmi les moins rentables d&#39;Europe. Dans ces conditions, le gouvernement qui pr\u00e9pare un v\u00e9ritable <a href=\"http:\/\/cebazatpourdemain.typepad.fr\/cebazatpourdemain\/2012\/06\/christian-saint-etienne-claque-la-porte-du-conseil-danalyse-%C3%A9conomique.html\" target=\"_self\">choc fiscal<\/a> fait le choix de d\u00e9truire ce qui reste de notre industrie, de notre \u00e9conomie. D&#39;ailleurs, David Cameron s&#39;est moqu\u00e9 du projet de Fran\u00e7ois Hollande de taxer les tr\u00e8s hauts revenus \u00e0 75% en promettant de d\u00e9rouler le tapis rouge pour les Fran\u00e7ais qui voudront s&#39;expatrier. La r\u00e9ponse de Michel Sapin fut ridicule. La r\u00e9alit\u00e9 c&#39;est que les projets socialistes sont n\u00e9fastes pour notre \u00e9conomie&#0160; qui est d\u00e9j\u00e0 mal en point. Tout le monde s&#39;en rendra vite compte.<\/p>\n","protected":false},"excerpt":{"rendered":"<p>J&#39;ai \u00e9voqu\u00e9 les principaux probl\u00e8mes structurels de notre \u00e9conomie il y a quelques semaines. Parmi ceux-ci, j&#39;ai point\u00e9 du doigt la trop faible rentabilit\u00e9 de nos entreprises \u00e9cras\u00e9es par des pr\u00e9l\u00e8vements obligatoires trop \u00e9lev\u00e9s. L&#39;Insee vient de publier des statistiques qui montrent que le taux de marge des soci\u00e9t\u00e9s non financi\u00e8res a baiss\u00e9 \u00e0 28,6&#0160;%&nbsp;<\/p>\n<p><a class=\"btn btn-style\" href=\"https:\/\/flavienneuvy.fr\/index.php\/2012\/06\/20\/les-entreprises-francaises-ecrasees-par-les-taxes\/\">Continuer la lecture&#8230;<\/a><\/p>\n","protected":false},"author":1,"featured_media":0,"comment_status":"open","ping_status":"open","sticky":false,"template":"","format":"standard","meta":[],"categories":[2,3],"tags":[],"_links":{"self":[{"href":"https:\/\/flavienneuvy.fr\/index.php\/wp-json\/wp\/v2\/posts\/285"}],"collection":[{"href":"https:\/\/flavienneuvy.fr\/index.php\/wp-json\/wp\/v2\/posts"}],"about":[{"href":"https:\/\/flavienneuvy.fr\/index.php\/wp-json\/wp\/v2\/types\/post"}],"author":[{"embeddable":true,"href":"https:\/\/flavienneuvy.fr\/index.php\/wp-json\/wp\/v2\/users\/1"}],"replies":[{"embeddable":true,"href":"https:\/\/flavienneuvy.fr\/index.php\/wp-json\/wp\/v2\/comments?post=285"}],"version-history":[{"count":0,"href":"https:\/\/flavienneuvy.fr\/index.php\/wp-json\/wp\/v2\/posts\/285\/revisions"}],"wp:attachment":[{"href":"https:\/\/flavienneuvy.fr\/index.php\/wp-json\/wp\/v2\/media?parent=285"}],"wp:term":[{"taxonomy":"category","embeddable":true,"href":"https:\/\/flavienneuvy.fr\/index.php\/wp-json\/wp\/v2\/categories?post=285"},{"taxonomy":"post_tag","embeddable":true,"href":"https:\/\/flavienneuvy.fr\/index.php\/wp-json\/wp\/v2\/tags?post=285"}],"curies":[{"name":"wp","href":"https:\/\/api.w.org\/{rel}","templated":true}]}}