{"id":288,"date":"2012-06-14T08:01:32","date_gmt":"2012-06-14T07:01:32","guid":{"rendered":"http:\/\/flavienneuvy.fr\/index.php\/2012\/06\/14\/christian-saint-etienne-claque-la-porte-du-conseil-danalyse-economique\/"},"modified":"2012-06-14T08:01:32","modified_gmt":"2012-06-14T07:01:32","slug":"christian-saint-etienne-claque-la-porte-du-conseil-danalyse-economique","status":"publish","type":"post","link":"https:\/\/flavienneuvy.fr\/index.php\/2012\/06\/14\/christian-saint-etienne-claque-la-porte-du-conseil-danalyse-economique\/","title":{"rendered":"Christian Saint-Etienne claque la porte du Conseil d&rsquo;analyse \u00e9conomique"},"content":{"rendered":"<p style=\"text-align: justify;\">L&#39;\u00e9conomiste Christian Saint-Etienne vient de claquer la porte du Conseil d&#39;analyse \u00e9conomique charg\u00e9 de conseiller le gouvernement dans sa politique \u00e9conomique. Il explique les raisons qui l&#39;ont pouss\u00e9 \u00e0 agir de la sorte dans une interview au <a href=\"http:\/\/www.lefigaro.fr\/politique\/2012\/06\/13\/01002-20120613ARTFIG00516-saint-etienne-demissionne-du-conseil-d-analyse-economique.php\" target=\"_self\">Figaro<\/a>. Il se d\u00e9clare &quot;en opposition totale avec les options prises par le  gouvernement, qui sont contraires aux id\u00e9es que je d\u00e9fends en tant  qu&#39;\u00e9conomiste depuis plus de vingt ans, comme elles sont en  contradiction avec les<a href=\"http:\/\/www.lefigaro.fr\/conjoncture\/2012\/02\/08\/20002-20120208ARTFIG00390-finances-publiques-nouvelle-alerte-de-la-cour-des-comptes.php\" target=\"_self\"> recommandations r\u00e9centes de la Cour des comptes<\/a>, de la Commission europ\u00e9enne ou encore du FMI et de l&#39;OCDE&quot;. C&#39;est clair. Pour tout vous dire, je partage largement les analyses de Christian Saint-Etienne. Le choc fiscal pr\u00e9par\u00e9 par le gouvernement est violent : il pr\u00e9voit 44,4 milliards d&#39;imp\u00f4ts suppl\u00e9mentaires dont 32,7 milliards qui frapperont les entreprises. En plus de ces 32,7 milliards, il y aura \u00e9galement 13 milliards d&#39;euros suppl\u00e9mentaires de cotisations sociales soit un total de 45,7 milliards d&#39;euros soit plus de 2% du PIB. C&#39;est invraisemblable, ce sera le choc le plus violent depuis la fin de la deuxi\u00e8me guerre mondiale. Mais, comme l&#39;a tr\u00e8s justement rappel\u00e9 Christian Saint-Etienne dans une tribune publi\u00e9e dans le Figaro du 25 mai 2012, ce chiffre de 45,7 milliards d&#39;euros est \u00e0 comparer avec les 1230 milliards d&#39;euros de valeur ajout\u00e9e de l&#39;ensemble des entreprises en 2011 et surtout avec leur exc\u00e9dent brut d&#39;exploitation : 317 milliards d&#39;euros au total. Ce choc fiscal repr\u00e9sente donc 14,4% de l&#39;EBE total des entreprises. Cette politique suicidaire va affaiblir nos entreprises qui souffrent d\u00e9j\u00e0 des faiblesses structurelles de notre \u00e9conomie : poids des PO trop \u00e9lev\u00e9, dur\u00e9e du travail trop faible, co\u00fbt unitaire du travail trop \u00e9lev\u00e9. J&#39;avais \u00e9voqu\u00e9 tous ces sujets dans un r\u00e9cent <a href=\"http:\/\/cebazatpourdemain.typepad.fr\/cebazatpourdemain\/2012\/05\/comment-relancer-la-croissance-%C3%A9conomique-en-france-.html\" target=\"_self\">texte<\/a>. Au bout du compte, des entreprises affaiblies investissent moins, embauchent moins&#8230;La politique \u00e9conomique du gouvernement m&#39;inqui\u00e8te et je comprends que Christian Saint-Etienne n&#39;ait pas souhait\u00e9 participer \u00e0 la mascarade.<\/p>\n","protected":false},"excerpt":{"rendered":"<p>L&#39;\u00e9conomiste Christian Saint-Etienne vient de claquer la porte du Conseil d&#39;analyse \u00e9conomique charg\u00e9 de conseiller le gouvernement dans sa politique \u00e9conomique. Il explique les raisons qui l&#39;ont pouss\u00e9 \u00e0 agir de la sorte dans une interview au Figaro. Il se d\u00e9clare &quot;en opposition totale avec les options prises par le gouvernement, qui sont contraires aux&nbsp;<\/p>\n<p><a class=\"btn btn-style\" href=\"https:\/\/flavienneuvy.fr\/index.php\/2012\/06\/14\/christian-saint-etienne-claque-la-porte-du-conseil-danalyse-economique\/\">Continuer la lecture&#8230;<\/a><\/p>\n","protected":false},"author":1,"featured_media":0,"comment_status":"open","ping_status":"open","sticky":false,"template":"","format":"standard","meta":[],"categories":[2,3],"tags":[],"_links":{"self":[{"href":"https:\/\/flavienneuvy.fr\/index.php\/wp-json\/wp\/v2\/posts\/288"}],"collection":[{"href":"https:\/\/flavienneuvy.fr\/index.php\/wp-json\/wp\/v2\/posts"}],"about":[{"href":"https:\/\/flavienneuvy.fr\/index.php\/wp-json\/wp\/v2\/types\/post"}],"author":[{"embeddable":true,"href":"https:\/\/flavienneuvy.fr\/index.php\/wp-json\/wp\/v2\/users\/1"}],"replies":[{"embeddable":true,"href":"https:\/\/flavienneuvy.fr\/index.php\/wp-json\/wp\/v2\/comments?post=288"}],"version-history":[{"count":0,"href":"https:\/\/flavienneuvy.fr\/index.php\/wp-json\/wp\/v2\/posts\/288\/revisions"}],"wp:attachment":[{"href":"https:\/\/flavienneuvy.fr\/index.php\/wp-json\/wp\/v2\/media?parent=288"}],"wp:term":[{"taxonomy":"category","embeddable":true,"href":"https:\/\/flavienneuvy.fr\/index.php\/wp-json\/wp\/v2\/categories?post=288"},{"taxonomy":"post_tag","embeddable":true,"href":"https:\/\/flavienneuvy.fr\/index.php\/wp-json\/wp\/v2\/tags?post=288"}],"curies":[{"name":"wp","href":"https:\/\/api.w.org\/{rel}","templated":true}]}}